{"id":4266,"date":"2023-02-15T10:56:28","date_gmt":"2023-02-15T09:56:28","guid":{"rendered":"https:\/\/aproin.com\/?p=4266"},"modified":"2023-02-15T10:56:32","modified_gmt":"2023-02-15T09:56:32","slug":"vigo-es-el-concello-que-mas-porcentaje-de-suelo-tiene-que-reservar-a-vivienda-protegida","status":"publish","type":"post","link":"https:\/\/aproin.com\/index.php\/vigo-es-el-concello-que-mas-porcentaje-de-suelo-tiene-que-reservar-a-vivienda-protegida\/","title":{"rendered":"Vigo es el concello que m\u00e1s porcentaje de suelo tiene que reservar a vivienda protegida"},"content":{"rendered":"\n<p>LA VOZ DE GALICIA<br><br><em>El Instituto Galego de Vivenda e Solo fija, en funci\u00f3n de los demandantes, las proporciones de reserva para este a\u00f1o, con trece municipios por encima del 6,8 % general de Galicia<\/em><\/p>\n\n\n\n<p><strong>Los planes generales de los ayuntamientos deben prever, por ley, unas reservas m\u00ednimas de suelo para vivienda de protecci\u00f3n p\u00fablica<\/strong>. Una obligaci\u00f3n de la que est\u00e1n exentos los concellos de menos de cinco mil habitantes. El Instituto Galego de Vivenda e Solo (IGVS) determina anualmente ese porcentaje, en funci\u00f3n del n\u00famero de personas inscritas en el Registro \u00danico de Demandantes de Vivienda de la Xunta, y esas cifras se han publicado este lunes en el Diario Oficial de Galicia (DOG).<\/p>\n\n\n\n<p>La gran mayor\u00eda de concellos deber\u00e1n aplicar el porcentaje medio establecido para Galicia, del 6,8 %, pero un total de trece tendr\u00e1n que atenerse a un tanto por ciento mayor, resultado de relacionar su n\u00famero de demandantes de vivienda de protecci\u00f3n con el n\u00famero de habitantes marcado por el padr\u00f3n.<\/p>\n\n\n\n<p><strong>Vigo, con casi 6.300 demandantes inscritos, es el municipio que m\u00e1s tanto por ciento de suelo tiene que reservar para vivienda protegida<\/strong>, un 21,5 %. Le sigue un ayuntamiento de su \u00e1rea, Mos (229 demandantes), que debe apartar para este fin un 15,1 %.<\/p>\n","protected":false},"excerpt":{"rendered":"<p>LA VOZ DE GALICIA El Instituto Galego de Vivenda e Solo fija, en funci\u00f3n de los demandantes, las proporciones de reserva para&#8230;<\/p>\n","protected":false},"author":2,"featured_media":3813,"comment_status":"open","ping_status":"open","sticky":false,"template":"","format":"standard","meta":[],"categories":[1],"tags":[],"_links":{"self":[{"href":"https:\/\/aproin.com\/index.php\/wp-json\/wp\/v2\/posts\/4266"}],"collection":[{"href":"https:\/\/aproin.com\/index.php\/wp-json\/wp\/v2\/posts"}],"about":[{"href":"https:\/\/aproin.com\/index.php\/wp-json\/wp\/v2\/types\/post"}],"author":[{"embeddable":true,"href":"https:\/\/aproin.com\/index.php\/wp-json\/wp\/v2\/users\/2"}],"replies":[{"embeddable":true,"href":"https:\/\/aproin.com\/index.php\/wp-json\/wp\/v2\/comments?post=4266"}],"version-history":[{"count":1,"href":"https:\/\/aproin.com\/index.php\/wp-json\/wp\/v2\/posts\/4266\/revisions"}],"predecessor-version":[{"id":4267,"href":"https:\/\/aproin.com\/index.php\/wp-json\/wp\/v2\/posts\/4266\/revisions\/4267"}],"wp:featuredmedia":[{"embeddable":true,"href":"https:\/\/aproin.com\/index.php\/wp-json\/wp\/v2\/media\/3813"}],"wp:attachment":[{"href":"https:\/\/aproin.com\/index.php\/wp-json\/wp\/v2\/media?parent=4266"}],"wp:term":[{"taxonomy":"category","embeddable":true,"href":"https:\/\/aproin.com\/index.php\/wp-json\/wp\/v2\/categories?post=4266"},{"taxonomy":"post_tag","embeddable":true,"href":"https:\/\/aproin.com\/index.php\/wp-json\/wp\/v2\/tags?post=4266"}],"curies":[{"name":"wp","href":"https:\/\/api.w.org\/{rel}","templated":true}]}}