{"id":4311,"date":"2023-03-27T10:03:46","date_gmt":"2023-03-27T08:03:46","guid":{"rendered":"https:\/\/aproin.com\/?p=4311"},"modified":"2023-03-27T10:03:49","modified_gmt":"2023-03-27T08:03:49","slug":"viqueira-el-grupo-vigues-que-sigue-apostando-por-potenciar-el-turismo-en-fuerteventura","status":"publish","type":"post","link":"https:\/\/aproin.com\/index.php\/viqueira-el-grupo-vigues-que-sigue-apostando-por-potenciar-el-turismo-en-fuerteventura\/","title":{"rendered":"Viqueira, el grupo vigu\u00e9s que sigue apostando por potenciar el turismo en Fuerteventura"},"content":{"rendered":"\n<p>La compa\u00f1\u00eda invertir\u00e1 seis millones de euros en la construcci\u00f3n de un nuevo complejo de viviendas vacacionales ubicado en Costa Calma, en el sur de la isla<br><br><em>\u00c1lvaro Sevilla \/ La Voz de Galicia<\/em><\/p>\n\n\n\n<p>Sol, playa y paz. Ese ser\u00e1 el aroma que se respirar\u00e1 en el pr\u00f3ximo proyecto del <strong>Grupo Viqueira.<\/strong> La compa\u00f1\u00eda fundada en Vigo en 1958 por Jos\u00e9 Viqueira Lago contin\u00faa con su apuesta f\u00e9rrea por las Islas Canarias. En este caso le tocar\u00e1 a la de Fuerteventura, donde la firma de construcci\u00f3n, promoci\u00f3n inmobiliaria, actividad patrimonial y explotaci\u00f3n hotelera, invertir\u00e1 seis millones de euros. El objetivo ser\u00e1 levantar el complejo vacacional <strong>South Beach Apartaments,<\/strong> ubicado en el sur del islote, en la pl\u00e1cida y bella zona conocida como Costa Calma.<\/p>\n\n\n\n<p>El proyecto contar\u00e1 con 24 apartamentos, que estar\u00e1n dedicados a vivienda vacacional. No faltar\u00e1 la piscina climatizada con energ\u00eda solar, as\u00ed como terrazas amplias y zonas de esparcimiento. De su gesti\u00f3n se encargar\u00e1 la firma del Grupo Viqueira dedicada y especializada en la explotaci\u00f3n de complejos tur\u00edsticos, todo un referente en el sector y tambi\u00e9n un seguro de \u00e9xito. El inicio de la construcci\u00f3n est\u00e1 previsto para las pr\u00f3ximas semanas y el plan es que se prolongue durante 18 meses. La fecha marcada en el calendario para su puesta en marcha est\u00e1 clara: septiembre del 2024.<\/p>\n\n\n\n<p>Con la nueva promoci\u00f3n, el conglomerado gallego consolida su presencia en la isla, en la que tambi\u00e9n es propietario y explota el complejo hotelero que lleva por nombre Sotavento Beach Club, que cuenta con 310 apartamentos.<\/p>\n\n\n\n<p><strong>En Adeje<\/strong><\/p>\n\n\n\n<p>Pero esta apuesta por las Islas Canarias no es nueva. La promotora ol\u00edvica, que cuenta con 60 a\u00f1os de experiencia a sus espaldas, lleva d\u00e9cadas de trabajo en el lugar. Es por ello que tiene previsto estrenar este verano su proyecto Las Terrazas de Costa Adeje. En este caso se trata de una promoci\u00f3n de 37 viviendas ubicadas en el sur de la isla de Tenerife, en el n\u00facleo que les da nombre y que adem\u00e1s es uno de los destinos vacacionales m\u00e1s importantes de toda Europa.<\/p>\n\n\n\n<p>La firma arranc\u00f3 en febrero la comercializaci\u00f3n de la primera fase, en la que el Grupo Viqueira coloc\u00f3 en el mercado una moderna urbanizaci\u00f3n privada que cuenta con dos piscinas, zonas verdes y vistas directas al oc\u00e9ano Atl\u00e1ntico. La inversi\u00f3n rondar\u00e1 los ocho millones de euros y contar\u00e1 con viviendas de dos y tres dormitorios, constru\u00eddas con los mejores materiales y bajo un dise\u00f1o vanguardista y sobrio.<\/p>\n\n\n\n<p>Adem\u00e1s de su presencia en uno de los polos tur\u00edsticos m\u00e1s importantes de Europa, la compa\u00f1\u00eda sigue apostando por su tierra. Por esto decidi\u00f3 construir en Vigo el Edificio Parque San Roque, que cuenta con 130 viviendas y que ya se encuentra en la tercera y \u00faltima fase. Para atraer a los posibles compradores, la firma habilit\u00f3 una vivienda totalmente equipada con el objetivo de dar una visi\u00f3n realista y palpable del producto final, que consist\u00eda en un piso de tres dormitorios y dos ba\u00f1os con vistas a una gran zona ajardinada y que, visto el \u00e9xito del proyecto, ha resultado todo un acierto.<\/p>\n\n\n\n<p><strong>El camino<\/strong><\/p>\n\n\n\n<p>Con la mirada puesta en ese proyecto en Fuerteventura, el Grupo Viqueira sigue ampliando el legado que arranc\u00f3 de la mano de Jos\u00e9 Viqueira Lago. Desde sus inicios, la firma ha construido un mill\u00f3n de metros cuadrados y m\u00e1s de 2.500 familias han confiado en ella para crear su hogar. Su vertiente tur\u00edstica y vacacional no se queda atr\u00e1s. As\u00ed lo demuestran los m\u00e1s de 400.000 clientes que los han escogido. Garant\u00eda de \u00e9xito desde Vigo.<\/p>\n","protected":false},"excerpt":{"rendered":"<p>La compa\u00f1\u00eda invertir\u00e1 seis millones de euros en la construcci\u00f3n de un nuevo complejo de viviendas vacacionales ubicado en Costa Calma, en&#8230;<\/p>\n","protected":false},"author":2,"featured_media":2399,"comment_status":"open","ping_status":"open","sticky":false,"template":"","format":"standard","meta":[],"categories":[1],"tags":[],"_links":{"self":[{"href":"https:\/\/aproin.com\/index.php\/wp-json\/wp\/v2\/posts\/4311"}],"collection":[{"href":"https:\/\/aproin.com\/index.php\/wp-json\/wp\/v2\/posts"}],"about":[{"href":"https:\/\/aproin.com\/index.php\/wp-json\/wp\/v2\/types\/post"}],"author":[{"embeddable":true,"href":"https:\/\/aproin.com\/index.php\/wp-json\/wp\/v2\/users\/2"}],"replies":[{"embeddable":true,"href":"https:\/\/aproin.com\/index.php\/wp-json\/wp\/v2\/comments?post=4311"}],"version-history":[{"count":1,"href":"https:\/\/aproin.com\/index.php\/wp-json\/wp\/v2\/posts\/4311\/revisions"}],"predecessor-version":[{"id":4312,"href":"https:\/\/aproin.com\/index.php\/wp-json\/wp\/v2\/posts\/4311\/revisions\/4312"}],"wp:featuredmedia":[{"embeddable":true,"href":"https:\/\/aproin.com\/index.php\/wp-json\/wp\/v2\/media\/2399"}],"wp:attachment":[{"href":"https:\/\/aproin.com\/index.php\/wp-json\/wp\/v2\/media?parent=4311"}],"wp:term":[{"taxonomy":"category","embeddable":true,"href":"https:\/\/aproin.com\/index.php\/wp-json\/wp\/v2\/categories?post=4311"},{"taxonomy":"post_tag","embeddable":true,"href":"https:\/\/aproin.com\/index.php\/wp-json\/wp\/v2\/tags?post=4311"}],"curies":[{"name":"wp","href":"https:\/\/api.w.org\/{rel}","templated":true}]}}