{"id":4328,"date":"2023-04-28T09:35:59","date_gmt":"2023-04-28T07:35:59","guid":{"rendered":"https:\/\/aproin.com\/?p=4328"},"modified":"2023-04-28T09:36:02","modified_gmt":"2023-04-28T07:36:02","slug":"las-obras-del-barrio-do-cura-se-realizaran-a-la-vez-que-la-excavacion-arqueologica-pendiente","status":"publish","type":"post","link":"https:\/\/aproin.com\/index.php\/las-obras-del-barrio-do-cura-se-realizaran-a-la-vez-que-la-excavacion-arqueologica-pendiente\/","title":{"rendered":"Las obras del Barrio do Cura se realizar\u00e1n a la vez que la excavaci\u00f3n arqueol\u00f3gica pendiente."},"content":{"rendered":"\n<p><br>El Concello avanza que est\u00e1 \u201ca punto de otorgar\u201d la primera licencia, la del edificio Ardora, el m\u00e1s alejado del Paseo de Alfonso, que sumar\u00e1 m\u00e1s de 100 pisos | El desarrollo del complejo podr\u00eda prolongarse hasta 3 a\u00f1os. <\/p>\n\n\n\n<p>Borja Melchor | Faro de Vigo<\/p>\n\n\n\n<p>No fue en el primer semestre de 2022. Tampoco en el segundo. Y tampoco a principios de este a\u00f1o. Los plazos para el inicio de las obras para transformar el Barrio do Cura se han ido modificando con el paso del tiempo por diversos motivos, pero parece que hay luz al final del t\u00fanel. Fuentes municipales informan a FARO que la promotora ha presentado los proyectos para la licencia del edificio Ardora \u2013el segundo m\u00e1s grande, con m\u00e1s de 100 viviendas, y m\u00e1s alejado del Paseo de Alfonso\u2013, del edificio Estrela \u2013en el que se integra la antigua fachada de la iglesia del asilo de Pi i Margall, con 40 pisos\u2013, del parking p\u00fablico y de la escuela infantil \u2013falta el del edificio L\u00faa, que se prev\u00e9 en forma de L en la parte alta con m\u00e1s de 115 pisos\u2013. En este momento, el Concello est\u00e1 \u201ca punto de otorgar\u201d la licencia del edificio Ardora. Tambi\u00e9n avanza que la prospecci\u00f3n arqueol\u00f3gica pendiente \u201cir\u00e1 acompasada con el desarrollo de la obra\u201d<\/p>\n\n\n\n<p>En lo que respecta al edificio Estrela, avanzan desde la entidad de la Praza do Rei que se necesita que se apruebe definitivamente la normalizaci\u00f3n de fincas, aprobada inicialmente. \u201cSe calcula que esta aprobaci\u00f3n definitiva se produzca de forma inminente, pero, hasta ese momento, no se puede otorgar la licencia. La informaci\u00f3n p\u00fablica termina el 8 de mayo, tienen que valorar y contestar las alegaciones y la aprobaci\u00f3n definitiva es competencia de la Junta de Gobierno\u201d, explican sobre una parte del proyecto llamado a recuperar todo este \u00e1mbito con oferta residencial, comercial -seg\u00fan la promotora, Gestilar, ya estaba comercializado en torno al 70% a finales del a\u00f1o pasado- y urban\u00edstica.<\/p>\n\n\n\n<p>Fuentes municipales indican que \u201ctodo va acompasado y seg\u00fan lo previsto\u201d. A\u00f1aden que, \u201cen cualquier caso, el edificio Ardora, que recibir\u00e1 la licencia de forma inminente, ejecutar\u00e1 las obras de estabilizaci\u00f3n de los muros, vinculadas tambi\u00e9n a las obras de urbanizaci\u00f3n y a las diferentes cautelas arqueol\u00f3gicas establecidas en la zona\u201d. Seg\u00fan ha podido saber FARO, la previsi\u00f3n es que el desarrollo del Barrio do Cura se prolongue unos tres a\u00f1os, pero, desde la promotora, conf\u00edan en recortar los tiempos para que la entrega de las viviendas se produzca \u201ca finales de 2025 o comienzos de 2026\u201d. Esperan que el Concello les conceda en breve la licencia para empezar a hacer realidad este megaproyecto en el coraz\u00f3n de la urbe.<\/p>\n\n\n\n<p><strong>&#8230;lectura completa solo para suscriptores &#8230;<\/strong><\/p>\n","protected":false},"excerpt":{"rendered":"<p>El Concello avanza que est\u00e1 \u201ca punto de otorgar\u201d la primera licencia, la del edificio Ardora, el m\u00e1s alejado del Paseo de&#8230;<\/p>\n","protected":false},"author":2,"featured_media":3701,"comment_status":"open","ping_status":"open","sticky":false,"template":"","format":"standard","meta":[],"categories":[1],"tags":[],"_links":{"self":[{"href":"https:\/\/aproin.com\/index.php\/wp-json\/wp\/v2\/posts\/4328"}],"collection":[{"href":"https:\/\/aproin.com\/index.php\/wp-json\/wp\/v2\/posts"}],"about":[{"href":"https:\/\/aproin.com\/index.php\/wp-json\/wp\/v2\/types\/post"}],"author":[{"embeddable":true,"href":"https:\/\/aproin.com\/index.php\/wp-json\/wp\/v2\/users\/2"}],"replies":[{"embeddable":true,"href":"https:\/\/aproin.com\/index.php\/wp-json\/wp\/v2\/comments?post=4328"}],"version-history":[{"count":1,"href":"https:\/\/aproin.com\/index.php\/wp-json\/wp\/v2\/posts\/4328\/revisions"}],"predecessor-version":[{"id":4329,"href":"https:\/\/aproin.com\/index.php\/wp-json\/wp\/v2\/posts\/4328\/revisions\/4329"}],"wp:featuredmedia":[{"embeddable":true,"href":"https:\/\/aproin.com\/index.php\/wp-json\/wp\/v2\/media\/3701"}],"wp:attachment":[{"href":"https:\/\/aproin.com\/index.php\/wp-json\/wp\/v2\/media?parent=4328"}],"wp:term":[{"taxonomy":"category","embeddable":true,"href":"https:\/\/aproin.com\/index.php\/wp-json\/wp\/v2\/categories?post=4328"},{"taxonomy":"post_tag","embeddable":true,"href":"https:\/\/aproin.com\/index.php\/wp-json\/wp\/v2\/tags?post=4328"}],"curies":[{"name":"wp","href":"https:\/\/api.w.org\/{rel}","templated":true}]}}