{"id":4359,"date":"2023-06-16T10:30:36","date_gmt":"2023-06-16T08:30:36","guid":{"rendered":"https:\/\/aproin.com\/?p=4359"},"modified":"2023-06-16T10:30:41","modified_gmt":"2023-06-16T08:30:41","slug":"elduayen-ganara-4-viviendas-tras-la-reforma-de-un-edificio-protegido","status":"publish","type":"post","link":"https:\/\/aproin.com\/index.php\/elduayen-ganara-4-viviendas-tras-la-reforma-de-un-edificio-protegido\/","title":{"rendered":"Elduayen ganar\u00e1 4 viviendas tras la reforma de un edificio protegido"},"content":{"rendered":"\n<p><br><em>La actuaci\u00f3n contempla la remodelaci\u00f3n del bajo, que dar\u00e1 cobijo a un local de hosteler\u00eda &#8211; La inversi\u00f3n asciende a 340.000 euros<\/em><br><br>Borja Melchor \/ Faro de Vigo<\/p>\n\n\n\n<p>Las heridas del Casco Vello en forma de edificios abandonados o sin uso se van cerrando poco a poco y, a la vez, engorda el m\u00fasculo inmobiliario de la urbe. La Xerencia Municipal de Urbanismo dio luz verde recientemente a la rehabilitaci\u00f3n del inmueble que se levanta en el n\u00famero 14 de la c\u00e9ntrica calle Elduayen, en el punto medio entre la peatonalizada Porta do Sol y el paseo de Alfonso.<\/p>\n\n\n\n<p>Las obras autorizadas cuentan con un presupuesto de ejecuci\u00f3n material de 340.000,00 euros y consisten, b\u00e1sicamente, en la reestructuraci\u00f3n de la edificaci\u00f3n conservando las fachadas de piedra y el volumen. Resultar\u00e1 un edificio de planta baja por la calle Alta destinada a usos comerciales \u2013hosteler\u00eda\u2013, entreplanta para vivienda, planta baja por la calle Elduayen para accesos y comercial, tres plantas altas y aprovechamiento bajo cubierta para vivienda. Terminados los trabajos, presumir\u00e1 de cuatro nuevas viviendas. No se interviene en la planta baja por la calle Alta. Son m\u00e1s de 550 metros cuadrados de superficie que se beneficiar\u00e1n de esta actuaci\u00f3n en el barrio hist\u00f3rico.<br><br>La edificaci\u00f3n est\u00e1 catalogada con protecci\u00f3n ambiental, por lo que, en la intervenci\u00f3n, se deber\u00e1n tener en cuenta varios puntos: como se se\u00f1ala en la ficha del cat\u00e1logo, los elementos que hay que proteger son las fachadas de piedra, carpinter\u00edas de madera y balcones y barandillas. Las obras permitidas por la ficha del Plan Especial de Protecci\u00f3n e Reforma Interior do Casco Vello de Vigo (PEPRI) incluyen la reestructuraci\u00f3n del edificio manteniendo las fachadas y la configuraci\u00f3n volum\u00e9trica.<\/p>\n\n\n\n<p>Este goteo de recuperaci\u00f3n de inmuebles permite a la zona vieja de Vigo sacudirse paulatinamente el cartel que colgaba anta\u00f1o, caracterizado por la dejadez urban\u00edstica y ejemplos claros de fe\u00edsmo. A las intervenciones privadas \u2013para alumbrar viviendas o negocios, como el Palacio de La Oliva\u2013, fomentadas por las ayudas del Concello, el Gobierno de Espa\u00f1a y la Xunta destinadas al \u00e1rea de rehabilitaci\u00f3n integral (ARI) del Casco Vello, la primera en declararse en el municipio, o el programa de edificaci\u00f3n forzosa del Ayuntamiento, se suman las impulsadas por el Consorcio Casco Vello de Vigo y dem\u00e1s instituciones p\u00fablicas: la llegada de la pinacoteca Fern\u00e1ndez del Riego, las sedes de la Diputaci\u00f3n y la Universidad o el albergue de peregrinos puesto en marcha por la Xunta.<\/p>\n","protected":false},"excerpt":{"rendered":"<p>La actuaci\u00f3n contempla la remodelaci\u00f3n del bajo, que dar\u00e1 cobijo a un local de hosteler\u00eda &#8211; La inversi\u00f3n asciende a 340.000 euros&#8230;<\/p>\n","protected":false},"author":2,"featured_media":4360,"comment_status":"open","ping_status":"open","sticky":false,"template":"","format":"standard","meta":[],"categories":[1],"tags":[],"_links":{"self":[{"href":"https:\/\/aproin.com\/index.php\/wp-json\/wp\/v2\/posts\/4359"}],"collection":[{"href":"https:\/\/aproin.com\/index.php\/wp-json\/wp\/v2\/posts"}],"about":[{"href":"https:\/\/aproin.com\/index.php\/wp-json\/wp\/v2\/types\/post"}],"author":[{"embeddable":true,"href":"https:\/\/aproin.com\/index.php\/wp-json\/wp\/v2\/users\/2"}],"replies":[{"embeddable":true,"href":"https:\/\/aproin.com\/index.php\/wp-json\/wp\/v2\/comments?post=4359"}],"version-history":[{"count":1,"href":"https:\/\/aproin.com\/index.php\/wp-json\/wp\/v2\/posts\/4359\/revisions"}],"predecessor-version":[{"id":4361,"href":"https:\/\/aproin.com\/index.php\/wp-json\/wp\/v2\/posts\/4359\/revisions\/4361"}],"wp:featuredmedia":[{"embeddable":true,"href":"https:\/\/aproin.com\/index.php\/wp-json\/wp\/v2\/media\/4360"}],"wp:attachment":[{"href":"https:\/\/aproin.com\/index.php\/wp-json\/wp\/v2\/media?parent=4359"}],"wp:term":[{"taxonomy":"category","embeddable":true,"href":"https:\/\/aproin.com\/index.php\/wp-json\/wp\/v2\/categories?post=4359"},{"taxonomy":"post_tag","embeddable":true,"href":"https:\/\/aproin.com\/index.php\/wp-json\/wp\/v2\/tags?post=4359"}],"curies":[{"name":"wp","href":"https:\/\/api.w.org\/{rel}","templated":true}]}}