{"id":4362,"date":"2023-06-19T11:02:18","date_gmt":"2023-06-19T09:02:18","guid":{"rendered":"https:\/\/aproin.com\/?p=4362"},"modified":"2023-06-19T11:02:58","modified_gmt":"2023-06-19T09:02:58","slug":"el-precio-del-alquiler-interanual-sube-un-7-en-galicia-en-mayo","status":"publish","type":"post","link":"https:\/\/aproin.com\/index.php\/el-precio-del-alquiler-interanual-sube-un-7-en-galicia-en-mayo\/","title":{"rendered":"El precio del alquiler interanual sube un 7% en Galicia en mayo"},"content":{"rendered":"\n<p><strong>\u2022 El precio medio de la vivienda mensual sube un 2,2% en mayo y se sit\u00faa en 8,37 \u20ac\/m2 al mes<br>\u2022 Las ciudades Ferrol y Ourense muestran los mayores incrementos interanuales en el precio del alquiler<\/strong><\/p>\n\n\n\n<p>Fotocasa<\/p>\n\n\n\n<p>En Galicia el precio de la vivienda en alquiler sube un 2,2% en su variaci\u00f3n mensual y un 7% en su variaci\u00f3n interanual, situando su precio en 8,37 \u20ac\/m2 al mes en mayo, seg\u00fan los datos del \u00cdndice Inmobiliario Fotocasa. Este incremento interanual (7%) supone la quinta subida de los \u00faltimos cinco meses del a\u00f1o.<\/p>\n\n\n\n<p>Si analizamos los precios del alquiler respecto a los de hace un a\u00f1o, vemos que 16 comunidades incrementan el precio interanual en mayo. En siete comunidades se superan los dos d\u00edgitos y en concreto en Baleares (34,2%), Cantabria (22,0%), Canarias (20,3%), Comunitat Valenciana (15,0%), Navarra (13,3%), Andaluc\u00eda (11,8%) y Madrid (11,1%). Por otro lado, \u00fanica comunidad que presenta descenso respecto al a\u00f1o anterior es Castilla-La Mancha con -5,5%.<\/p>\n\n\n\n<p>En mayo de 2023 11 comunidades superan los precios m\u00e1ximos del alquiler por metro cuadrado al mes. Las zonas de Espa\u00f1a con los m\u00e1ximos precios de toda la serie hist\u00f3rica son: Baleares (16,60 \u20ac\/m2 al mes), Catalu\u00f1a (15,72 \u20ac\/m2 al mes), Pa\u00eds Vasco (14,20 \u20ac\/m2 al mes), Canarias (12,67 \u20ac\/m2 al mes), Cantabria (12,19 \u20ac\/m2 al mes), Comunitat Valenciana (11,17 \u20ac\/m2 al mes), Navarra (11,13 \u20ac\/m2 al mes), Andaluc\u00eda (9,83 \u20ac\/m2 al mes), <strong>Galicia (8,37 \u20ac\/m2 al mes),<\/strong> Castilla y Le\u00f3n (8,26 \u20ac\/m2 al mes) y Extremadura (6,26 \u20ac\/m2 al mes).<\/p>\n\n\n\n<p>En cuanto al ranking de Comunidades Aut\u00f3nomas (CC.AA.) con el precio de la vivienda m\u00e1s caras para alquilar una vivienda en Espa\u00f1a, en los primeros lugares se encuentran Madrid y Baleares, con los precios de 16,30 \u20ac\/m2 al mes y los 16,37 \u20ac\/m2 al mes, respectivamente. Le siguen, seis comunidades m\u00e1s con precios superiores a los 10,00 \u20ac\/m2 al mes y son: Catalu\u00f1a (15,72 \u20ac\/m2 al mes), Pa\u00eds Vasco (14,20 \u20ac\/m2 al mes), Canarias (12,67 \u20ac\/m2 al mes), Cantabria (12,19 \u20ac\/m2 al mes) y Comunitat Valenciana (11,17 \u20ac\/m2 al mes) y Navarra (11,13 \u20ac\/m2 al mes).<br><br><strong>Provincias<\/strong><br><strong>En todas las provincias incrementan el precio interanual de la vivienda en alquiler en mayo de 2023.<\/strong> Los incrementos se dan en las provincias de Ourense (12,2%), A Coru\u00f1a (8,1%) y Pontevedra (2,2%), seg\u00fan el \u00cdndice Inmobiliario Fotocasa.<br>En cuanto a los precios, ninguna provincia supera los 10,00 euros el metro cuadrado al mes. La provincia m\u00e1s cara es Pontevedra con 9,50 \u20ac\/m2 al mes, seguida de A Coru\u00f1a con 8,39 \u20ac\/m2 al mes, Lugo con 6,81 \u20ac\/m2 al mes y Ourense con 6,42 \u20ac\/m2 al mes.<br><br><strong>Municipios<\/strong><br>En todos los municipios analizados el precio de las viviendas en alquiler se ha incrementado respecto al a\u00f1o anterior. La ciudad de Ferrol es la que m\u00e1s incrementos acumula en mayo con un 13,7%. Le siguen las ciudades de Ourense capital (13,3%), Santiago de Compostela (10,0%), A Coru\u00f1a capital (9,8%), Vigo (7,8%), Lugo capital (3,7%).<br>En cuanto al precio por metro cuadrado en mayo, un municipio sobrepasa los 10,00 \u20ac\/m2 al mes. <strong>La ciudad con el precio del alquiler por metro cuadrado m\u00e1s alto es Sanxenxo con 17,30 \u20ac\/m2 al mes.<\/strong> Le siguen, A Coru\u00f1a capital 9,79 \u20ac\/m2 al mes), <strong>Vigo (9,43 \u20ac\/m2 al mes)<\/strong>, Santiago de Compostela (9,11 \u20ac\/m2 al mes), <strong>Pontevedra capital (8,20 \u20ac\/m2 al mes), <\/strong>Ourense capital (6,55 \u20ac\/m2 al mes), Lugo capital (6,49 \u20ac\/m2 al mes), Ferrol (6,24 \u20ac\/m2 al mes) y Nar\u00f3n (5,95 \u20ac\/m2 al mes).<\/p>\n","protected":false},"excerpt":{"rendered":"<p>\u2022 El precio medio de la vivienda mensual sube un 2,2% en mayo y se sit\u00faa en 8,37 \u20ac\/m2 al mes\u2022 Las&#8230;<\/p>\n","protected":false},"author":2,"featured_media":4363,"comment_status":"open","ping_status":"open","sticky":false,"template":"","format":"standard","meta":[],"categories":[1],"tags":[],"_links":{"self":[{"href":"https:\/\/aproin.com\/index.php\/wp-json\/wp\/v2\/posts\/4362"}],"collection":[{"href":"https:\/\/aproin.com\/index.php\/wp-json\/wp\/v2\/posts"}],"about":[{"href":"https:\/\/aproin.com\/index.php\/wp-json\/wp\/v2\/types\/post"}],"author":[{"embeddable":true,"href":"https:\/\/aproin.com\/index.php\/wp-json\/wp\/v2\/users\/2"}],"replies":[{"embeddable":true,"href":"https:\/\/aproin.com\/index.php\/wp-json\/wp\/v2\/comments?post=4362"}],"version-history":[{"count":2,"href":"https:\/\/aproin.com\/index.php\/wp-json\/wp\/v2\/posts\/4362\/revisions"}],"predecessor-version":[{"id":4365,"href":"https:\/\/aproin.com\/index.php\/wp-json\/wp\/v2\/posts\/4362\/revisions\/4365"}],"wp:featuredmedia":[{"embeddable":true,"href":"https:\/\/aproin.com\/index.php\/wp-json\/wp\/v2\/media\/4363"}],"wp:attachment":[{"href":"https:\/\/aproin.com\/index.php\/wp-json\/wp\/v2\/media?parent=4362"}],"wp:term":[{"taxonomy":"category","embeddable":true,"href":"https:\/\/aproin.com\/index.php\/wp-json\/wp\/v2\/categories?post=4362"},{"taxonomy":"post_tag","embeddable":true,"href":"https:\/\/aproin.com\/index.php\/wp-json\/wp\/v2\/tags?post=4362"}],"curies":[{"name":"wp","href":"https:\/\/api.w.org\/{rel}","templated":true}]}}