{"id":4366,"date":"2023-06-19T11:06:54","date_gmt":"2023-06-19T09:06:54","guid":{"rendered":"https:\/\/aproin.com\/?p=4366"},"modified":"2023-06-19T11:53:28","modified_gmt":"2023-06-19T09:53:28","slug":"javier-garrido-reelegido-presidente-de-la-asociacion-de-promotores-inmobiliarios-de-pontevedra","status":"publish","type":"post","link":"https:\/\/aproin.com\/index.php\/javier-garrido-reelegido-presidente-de-la-asociacion-de-promotores-inmobiliarios-de-pontevedra\/","title":{"rendered":"JAVIER GARRIDO REELEGIDO PRESIDENTE DE LA ASOCIACI\u00d3N DE PROMOTORES INMOBILIARIOS DE PONTEVEDRA"},"content":{"rendered":"\n<ul><li><strong><em>Con casi tres d\u00e9cadas de experiencia en el sector inmobiliario, Javier Garrido ocupa el cargo desde el a\u00f1o 2007.<\/em><\/strong><\/li><\/ul>\n\n\n\n<ul><li><strong><em>Aproin trabaja desde 1993 en la defensa de los intereses profesionales de las empresas promotoras inmobiliarias.<\/em><\/strong><\/li><\/ul>\n\n\n\n<p>La Asociaci\u00f3n de Promotores Inmobiliarios de la Provincia de Pontevedra (Aproin) acaba de reelegir a Javier Garrido Valenzuela como presidente en el transcurso del proceso electoral a Junta Rectora al haber concurrido una \u00fanica candidatura.<\/p>\n\n\n\n<p>Junto a Javier Garrido como presidente, la nueva Junta Rectora, que renovar\u00e1 por un mandato de 4 a\u00f1os, qued\u00f3 constituida por Ra\u00fal Ameijeiras como vicepresidente, Jos\u00e9 Viqueira como tesorero y Enzo Portuese, Federico Fern\u00e1ndez-Cervera, Sandra Duarte, Alvaro Visier y Federico Fern\u00e1ndez-Cervera Rom\u00e1n como vocales; como secretario t\u00e9cnico, el abogado urbanista Juan Arn\u00e1iz Ramos.<\/p>\n\n\n\n<p><strong>Amplia experiencia en el sector<\/strong><\/p>\n\n\n\n<p>Javier Garrido Valenzuela comenz\u00f3 su trayectoria en el mundo inmobiliario tras finalizar sus estudios de Ciencias Econ\u00f3micas y Empresariales. En los m\u00e1s de 25 a\u00f1os de carrera profesional que tiene en su haber ha pasado por diferentes empresas y cargos. Actualmente es presidente de Pazo da Vi\u00f1a S.L. y presidente de Aproin desde el a\u00f1o 2007.<\/p>\n\n\n\n<p>Durante este nuevo mandato, que finalizar\u00e1 en 2027, se propone el reto de <strong>seguir orientando a la Asociaci\u00f3n hacia el futuro<em> e incrementar su base social, ya que considera fundamental la uni\u00f3n de los empresarios del sector.<\/em><\/strong><\/p>\n\n\n\n<p><strong>Defensa de los intereses profesionales del sector<\/strong><\/p>\n\n\n\n<p>Aproin fue creada en el a\u00f1o 1993 por un grupo de promotores vigueses, pero con vocaci\u00f3n provincial. Desde su nacimiento ha perseguido dos objetivos fundamentales: defender los intereses profesionales de las empresas promotoras inmobiliarias y buscar soluciones a los problemas que afectan al sector. Misi\u00f3n que mantendr\u00e1 el nuevo equipo directivo en los pr\u00f3ximos cuatro a\u00f1os.<\/p>\n","protected":false},"excerpt":{"rendered":"<p>Con casi tres d\u00e9cadas de experiencia en el sector inmobiliario, Javier Garrido ocupa el cargo desde el a\u00f1o 2007. Aproin trabaja desde&#8230;<\/p>\n","protected":false},"author":2,"featured_media":4370,"comment_status":"open","ping_status":"open","sticky":false,"template":"","format":"standard","meta":[],"categories":[1],"tags":[],"_links":{"self":[{"href":"https:\/\/aproin.com\/index.php\/wp-json\/wp\/v2\/posts\/4366"}],"collection":[{"href":"https:\/\/aproin.com\/index.php\/wp-json\/wp\/v2\/posts"}],"about":[{"href":"https:\/\/aproin.com\/index.php\/wp-json\/wp\/v2\/types\/post"}],"author":[{"embeddable":true,"href":"https:\/\/aproin.com\/index.php\/wp-json\/wp\/v2\/users\/2"}],"replies":[{"embeddable":true,"href":"https:\/\/aproin.com\/index.php\/wp-json\/wp\/v2\/comments?post=4366"}],"version-history":[{"count":1,"href":"https:\/\/aproin.com\/index.php\/wp-json\/wp\/v2\/posts\/4366\/revisions"}],"predecessor-version":[{"id":4368,"href":"https:\/\/aproin.com\/index.php\/wp-json\/wp\/v2\/posts\/4366\/revisions\/4368"}],"wp:featuredmedia":[{"embeddable":true,"href":"https:\/\/aproin.com\/index.php\/wp-json\/wp\/v2\/media\/4370"}],"wp:attachment":[{"href":"https:\/\/aproin.com\/index.php\/wp-json\/wp\/v2\/media?parent=4366"}],"wp:term":[{"taxonomy":"category","embeddable":true,"href":"https:\/\/aproin.com\/index.php\/wp-json\/wp\/v2\/categories?post=4366"},{"taxonomy":"post_tag","embeddable":true,"href":"https:\/\/aproin.com\/index.php\/wp-json\/wp\/v2\/tags?post=4366"}],"curies":[{"name":"wp","href":"https:\/\/api.w.org\/{rel}","templated":true}]}}