{"id":4371,"date":"2023-06-19T12:03:22","date_gmt":"2023-06-19T10:03:22","guid":{"rendered":"https:\/\/aproin.com\/?p=4371"},"modified":"2023-06-19T12:03:26","modified_gmt":"2023-06-19T10:03:26","slug":"javier-garrido-renueva-en-aproin-buscamos-seguridad-juridica","status":"publish","type":"post","link":"https:\/\/aproin.com\/index.php\/javier-garrido-renueva-en-aproin-buscamos-seguridad-juridica\/","title":{"rendered":"Javier Garrido renueva en Aproin: \u201cBuscamos seguridad jur\u00eddica\u201d"},"content":{"rendered":"\n<p><br><strong><br>Javier Garrido lleva en Aproin desde 2007 y ahora cuatro a\u00f1os m\u00e1s.<\/strong><br>Atl\u00e1ntico \/ Redacci\u00f3n<\/p>\n\n\n\n<p>Javier Garrido lleva desde 2007 al frente de Aproin, la Asociaci\u00f3n de Promotores Inmobiliarios de la Provincia, y acaba de ser reelegido al haber concurrido una \u00fanica candidatura.<\/p>\n\n\n\n<p>Junto a Garrido como presidente, la nueva junta rectora, que renovar\u00e1 por un mandato de cuatro a\u00f1os, qued\u00f3 constituida por Ra\u00fal Ameijeiras como vicepresidente, Jos\u00e9 Viqueira como tesorero y Enzo Portuese, Federico Fern\u00e1ndez-Cervera, Sandra Duarte, Alvaro Visier y Federico Fern\u00e1ndez-Cervera Rom\u00e1n como vocales; como secretario t\u00e9cnico, el abogado urbanista Juan Arn\u00e1iz Ramos.<\/p>\n\n\n\n<p><strong>La experiencia de Javier Garrido<\/strong><br>Javier Garrido Valenzuela comenz\u00f3 su trayectoria en el mundo inmobiliario tras poner fin a sus estudios de Ciencias Econ\u00f3micas y Empresariales. En los m\u00e1s de 30 a\u00f1os de carrera profesional que tiene en su haber, ha pasado por diferentes empresas y cargos. Actualmente, es presidente de Pazo da Vi\u00f1a S.L. y de Aproin.<\/p>\n\n\n\n<p><strong>Los objetivos para el nuevo mandato al frente de Aproin<\/strong><br>Durante este nuevo mandato, que finalizar\u00e1 en 2027, se propone el reto de seguir orientando a la Asociaci\u00f3n hacia el futuro e incrementar su base social, ya que considera fundamental la uni\u00f3n de los empresarios del sector. \u201cAh\u00ed estamos, dando continuidad a un trabajo en busca seguridad jur\u00eddica, sobre un producto esencial para la gente, la principal compra que hacen todas las familias en su vida\u201d, se\u00f1al\u00f3 ayer. \u201cEso requiere mucha seguridad jur\u00eddica y en ello estamos\u201d.<\/p>\n\n\n\n<p>El 60 por ciento de las licencias que se conceden en Vigo recaen sobre empresas asociadas. \u201cEn cuanto a nosotros estamos mejor que hace diez a\u00f1os, aunque intranquilos con las subidas de los tipos, pero estamos acostumbrados a bregar con variaciones, hay que gestionarlas, ya nos pas\u00f3 con el coste de los materiales o la inflaci\u00f3n. En cuanto a planeamiento, seguimos sin Plan General en Vigo, y dispuestos a colaborar en lo que se nos pida, lo importante es que se apruebe y que dure\u201d, asegur\u00f3.<\/p>\n","protected":false},"excerpt":{"rendered":"<p>Javier Garrido lleva en Aproin desde 2007 y ahora cuatro a\u00f1os m\u00e1s.Atl\u00e1ntico \/ Redacci\u00f3n Javier Garrido lleva desde 2007 al frente de&#8230;<\/p>\n","protected":false},"author":2,"featured_media":4375,"comment_status":"open","ping_status":"open","sticky":false,"template":"","format":"standard","meta":[],"categories":[1],"tags":[],"_links":{"self":[{"href":"https:\/\/aproin.com\/index.php\/wp-json\/wp\/v2\/posts\/4371"}],"collection":[{"href":"https:\/\/aproin.com\/index.php\/wp-json\/wp\/v2\/posts"}],"about":[{"href":"https:\/\/aproin.com\/index.php\/wp-json\/wp\/v2\/types\/post"}],"author":[{"embeddable":true,"href":"https:\/\/aproin.com\/index.php\/wp-json\/wp\/v2\/users\/2"}],"replies":[{"embeddable":true,"href":"https:\/\/aproin.com\/index.php\/wp-json\/wp\/v2\/comments?post=4371"}],"version-history":[{"count":1,"href":"https:\/\/aproin.com\/index.php\/wp-json\/wp\/v2\/posts\/4371\/revisions"}],"predecessor-version":[{"id":4376,"href":"https:\/\/aproin.com\/index.php\/wp-json\/wp\/v2\/posts\/4371\/revisions\/4376"}],"wp:featuredmedia":[{"embeddable":true,"href":"https:\/\/aproin.com\/index.php\/wp-json\/wp\/v2\/media\/4375"}],"wp:attachment":[{"href":"https:\/\/aproin.com\/index.php\/wp-json\/wp\/v2\/media?parent=4371"}],"wp:term":[{"taxonomy":"category","embeddable":true,"href":"https:\/\/aproin.com\/index.php\/wp-json\/wp\/v2\/categories?post=4371"},{"taxonomy":"post_tag","embeddable":true,"href":"https:\/\/aproin.com\/index.php\/wp-json\/wp\/v2\/tags?post=4371"}],"curies":[{"name":"wp","href":"https:\/\/api.w.org\/{rel}","templated":true}]}}