{"id":4392,"date":"2023-07-04T10:44:15","date_gmt":"2023-07-04T08:44:15","guid":{"rendered":"https:\/\/aproin.com\/?p=4392"},"modified":"2023-07-04T10:44:19","modified_gmt":"2023-07-04T08:44:19","slug":"la-subida-de-tipos-provoca-una-caida-de-casi-el-20-de-las-hipotecas-en-galicia-en-abril","status":"publish","type":"post","link":"https:\/\/aproin.com\/index.php\/la-subida-de-tipos-provoca-una-caida-de-casi-el-20-de-las-hipotecas-en-galicia-en-abril\/","title":{"rendered":"La subida de tipos provoca una ca\u00edda de casi el 20% de las hipotecas en Galicia en abril"},"content":{"rendered":"\n<p><br>a. s. \/ j. p. \/ Faro de Vigo<\/p>\n\n\n\n<p><strong>La concesi\u00f3n de hipotecas acelera su ca\u00edda<\/strong>. El n\u00famero de pr\u00e9stamos para adquisici\u00f3n de viviendas se desplom\u00f3 en abril hasta los 27.053, lo que supone un descenso del 18,3% con respecto al mismo periodo del a\u00f1o pasado y supone el tercer retroceso consecutivo, seg\u00fan los datos difundidos ayer por el Instituto Nacional de estad\u00edstica (INE). En el caso de Galicia, la merma es incluso mayor, casi un 20%, con 1.024 pr\u00e9stamos formalizados para la compra de pisos o casas. En enero ya hab\u00edan ca\u00eddo un 8%, un 17% en febrero y casi un 14% en marzo. El acumulado de hipotecas en la comunidad en todo el cuatrimestre se sit\u00faa en 4.438, un 14,6% menos que en el mismo periodo de 2021.<\/p>\n\n\n\n<p>La ca\u00edda en el conjunto del Estado sit\u00faa el n\u00famero total pr\u00e9stamos para inmuebles en el nivel m\u00e1s bajo desde diciembre de 2020 y el inter\u00e9s medio, por encima del 3%, la cota m\u00e1s elevada en seis a\u00f1os, como consecuencia del ascenso experimentado por los tipos de inter\u00e9s. El capital total para los pr\u00e9stamos destinados a la compra de vivienda se sit\u00faa en 3.704,8 millones, con un descenso anual del 21,6% y el importe medio, en 136.945 euros, el 4,1% menos que un a\u00f1o atr\u00e1s.<\/p>\n\n\n\n<p>Esta evoluci\u00f3n est\u00e1 modificando el perfil del mercado de las hipotecas, con un aumento de peso de las de inter\u00e9s variable, que ascendieron al 38,7% del total en abril, casi dos puntos m\u00e1s que el mes anterior; y el 61,37% las de inter\u00e9s fijo, frente al 63,9% de marzo, seg\u00fan los mismos datos del INE. El alza de los tipos de inter\u00e9s, trasladada al aumento del eur\u00edbor, la principal referencia de las hipotecas con inter\u00e9s variable, ha acabado repercutiendo en el mercado. El tipo diario a 12 meses super\u00f3 recientemente el 4% por primera vez desde noviembre de 2008.<\/p>\n","protected":false},"excerpt":{"rendered":"<p>a. s. \/ j. p. \/ Faro de Vigo La concesi\u00f3n de hipotecas acelera su ca\u00edda. El n\u00famero de pr\u00e9stamos para adquisici\u00f3n&#8230;<\/p>\n","protected":false},"author":2,"featured_media":2935,"comment_status":"open","ping_status":"open","sticky":false,"template":"","format":"standard","meta":[],"categories":[1],"tags":[],"_links":{"self":[{"href":"https:\/\/aproin.com\/index.php\/wp-json\/wp\/v2\/posts\/4392"}],"collection":[{"href":"https:\/\/aproin.com\/index.php\/wp-json\/wp\/v2\/posts"}],"about":[{"href":"https:\/\/aproin.com\/index.php\/wp-json\/wp\/v2\/types\/post"}],"author":[{"embeddable":true,"href":"https:\/\/aproin.com\/index.php\/wp-json\/wp\/v2\/users\/2"}],"replies":[{"embeddable":true,"href":"https:\/\/aproin.com\/index.php\/wp-json\/wp\/v2\/comments?post=4392"}],"version-history":[{"count":1,"href":"https:\/\/aproin.com\/index.php\/wp-json\/wp\/v2\/posts\/4392\/revisions"}],"predecessor-version":[{"id":4393,"href":"https:\/\/aproin.com\/index.php\/wp-json\/wp\/v2\/posts\/4392\/revisions\/4393"}],"wp:featuredmedia":[{"embeddable":true,"href":"https:\/\/aproin.com\/index.php\/wp-json\/wp\/v2\/media\/2935"}],"wp:attachment":[{"href":"https:\/\/aproin.com\/index.php\/wp-json\/wp\/v2\/media?parent=4392"}],"wp:term":[{"taxonomy":"category","embeddable":true,"href":"https:\/\/aproin.com\/index.php\/wp-json\/wp\/v2\/categories?post=4392"},{"taxonomy":"post_tag","embeddable":true,"href":"https:\/\/aproin.com\/index.php\/wp-json\/wp\/v2\/tags?post=4392"}],"curies":[{"name":"wp","href":"https:\/\/api.w.org\/{rel}","templated":true}]}}