{"id":4399,"date":"2023-07-05T11:34:17","date_gmt":"2023-07-05T09:34:17","guid":{"rendered":"https:\/\/aproin.com\/?p=4399"},"modified":"2023-07-05T11:34:21","modified_gmt":"2023-07-05T09:34:21","slug":"el-sector-empresarial-urge-a-concello-y-xunta-mas-entendimiento-para-aprobar-el-plan-xeral","status":"publish","type":"post","link":"https:\/\/aproin.com\/index.php\/el-sector-empresarial-urge-a-concello-y-xunta-mas-entendimiento-para-aprobar-el-plan-xeral\/","title":{"rendered":"El sector empresarial urge a Concello y Xunta m\u00e1s entendimiento para aprobar el Plan Xeral"},"content":{"rendered":"\n<p><br><strong>Advierte de la necesidad de validar este instrumento para conseguir seguridad jur\u00eddica y reactivar inversiones que se hallan \u201cparadas\u201d &#8211; Los vecinos solicitan informaci\u00f3n sobre las m\u00e1s de 4.000 alegaciones presentadas<\/strong><\/p>\n\n\n\n<p>Borja Melchor \/ Faro de Vigo<\/p>\n\n\n\n<p>Aprobar provisional y definitivamente el nuevo Plan Xeral de Ordenaci\u00f3n Municipal (PXOM) cuanto antes. Es la petici\u00f3n que lanzan los sectores de la construcci\u00f3n, la promoci\u00f3n y el mercado inmobiliario, pero tambi\u00e9n los vecinos. Urgen a la Xunta de Galicia y el Concello que trabajen mano a mano y dejen de lado los colores pol\u00edticos para dar salida a un instrumento por el que espera la ciudad desde hace a\u00f1os y est\u00e1 llamado a impulsar la econom\u00eda y los servicios de la urbe m\u00e1s grande de Galicia. Las metas: lograr seguridad jur\u00eddica para atraer inversiones, conocer cuanto antes el resultado de las alegaciones presentadas \u2013m\u00e1s de 4.000\u2013 para saber la calificaci\u00f3n final de las parcelas particulares, por ejemplo, y evitar que decaiga el Instrumento de Ordenaci\u00f3n Provisional (IOP).<\/p>\n\n\n\n<p><strong>El presidente de la Asociaci\u00f3n de Promotores Inmobiliarios de la Provincia de Pontevedra (Aproin), Javier Garrido<\/strong>, muestra la \u201cpreocupaci\u00f3n\u201d del gremio por la demora en la tramitaci\u00f3n de la revisi\u00f3n del Plan Xeral, una coyuntura que, seg\u00fan advierte, puede alejar de Vigo operaciones pensadas inicialmente para acometer en la ciudad. \u201cHemos pedido repetidas veces a las administraciones implicadas que se pongan a ello para aprobar el documento. Es un objetivo clar\u00edsimo y evidente\u201d, destaca antes de trasladar su \u201cincertidumbre\u201d al respecto de la vigencia de la ordenaci\u00f3n provisional.<\/p>\n\n\n\n<p><strong>\u00bfQu\u00e9 supone el PXOM para Vigo?<\/strong><\/p>\n\n\n\n<p><strong>Misma petici\u00f3n lanza el presidente de la Asociaci\u00f3n de Constructores de Pontevedra (ACP), Miguel Caruncho.<\/strong> Reclama a Xunta y Concello \u201cque se entienden lo m\u00e1s r\u00e1pido posible\u201d para lograr el OK al Plan Xeral y comunica su preocupaci\u00f3n, al igual que Garrido, por la vigencia del Instrumento de Ordenaci\u00f3n Provisional. \u201cHay expectaci\u00f3n al respeto de ambas cuestiones. El IOP nos permite trabajar en determinadas zonas, aunque no en todas las que desear\u00edamos; si decae, se frenar\u00edan las promociones y, por tanto, la actividad\u201d, apunta, a la vez que advierte de que hay \u201cmuchas inversiones paradas\u201d a la espera de que se determine el nuevo PXOM. \u201cSupondr\u00e1 una carga de trabajo muy importante no solo en la ciudad, sino en toda la provincia\u201d, anticipa.<\/p>\n\n\n\n<p><strong>El presidente de la Confederaci\u00f3n de Empresarios de Pontevedra (CEP), Jorge Cebreiros<\/strong>, tambi\u00e9n pide \u201cque se pongan de acuerdo\u201d el gobierno municipal y el auton\u00f3mico para llegar a buen puerto con la revisi\u00f3n del Plan Xeral, un paso que permitir\u00eda dar carpetazo al estado de \u201cincertidumbre\u201d y \u201cpreocupaci\u00f3n\u201d que se respira en los sectores afectados: \u201cLos pol\u00edticos nos reclaman colaboraci\u00f3n p\u00fablico-privada. Nosotros urgimos colaboraci\u00f3n p\u00fablico-p\u00fablica. Es imprescindible que est\u00e9 aprobado cuanto antes. Los empresarios necesitan planificar sus inversiones. La construcci\u00f3n genera econom\u00eda, fijaci\u00f3n en el territorio y mucho trabajo\u201d. A\u00f1ade que la p\u00e9rdida de vigencia del IOP ser\u00eda \u201cmuy mala\u201d: \u201cSupone quedarse en territorio de nadie. Es la herramienta que tenemos para promover y construir\u201d.<\/p>\n\n\n\n<p><em><strong>lectura completa solo para suscriptores&#8230;<\/strong><\/em><\/p>\n","protected":false},"excerpt":{"rendered":"<p>Advierte de la necesidad de validar este instrumento para conseguir seguridad jur\u00eddica y reactivar inversiones que se hallan \u201cparadas\u201d &#8211; Los vecinos&#8230;<\/p>\n","protected":false},"author":2,"featured_media":4322,"comment_status":"open","ping_status":"open","sticky":false,"template":"","format":"standard","meta":[],"categories":[1],"tags":[],"_links":{"self":[{"href":"https:\/\/aproin.com\/index.php\/wp-json\/wp\/v2\/posts\/4399"}],"collection":[{"href":"https:\/\/aproin.com\/index.php\/wp-json\/wp\/v2\/posts"}],"about":[{"href":"https:\/\/aproin.com\/index.php\/wp-json\/wp\/v2\/types\/post"}],"author":[{"embeddable":true,"href":"https:\/\/aproin.com\/index.php\/wp-json\/wp\/v2\/users\/2"}],"replies":[{"embeddable":true,"href":"https:\/\/aproin.com\/index.php\/wp-json\/wp\/v2\/comments?post=4399"}],"version-history":[{"count":1,"href":"https:\/\/aproin.com\/index.php\/wp-json\/wp\/v2\/posts\/4399\/revisions"}],"predecessor-version":[{"id":4400,"href":"https:\/\/aproin.com\/index.php\/wp-json\/wp\/v2\/posts\/4399\/revisions\/4400"}],"wp:featuredmedia":[{"embeddable":true,"href":"https:\/\/aproin.com\/index.php\/wp-json\/wp\/v2\/media\/4322"}],"wp:attachment":[{"href":"https:\/\/aproin.com\/index.php\/wp-json\/wp\/v2\/media?parent=4399"}],"wp:term":[{"taxonomy":"category","embeddable":true,"href":"https:\/\/aproin.com\/index.php\/wp-json\/wp\/v2\/categories?post=4399"},{"taxonomy":"post_tag","embeddable":true,"href":"https:\/\/aproin.com\/index.php\/wp-json\/wp\/v2\/tags?post=4399"}],"curies":[{"name":"wp","href":"https:\/\/api.w.org\/{rel}","templated":true}]}}