{"id":4403,"date":"2023-07-07T09:59:22","date_gmt":"2023-07-07T07:59:22","guid":{"rendered":"https:\/\/aproin.com\/?p=4403"},"modified":"2023-07-07T09:59:26","modified_gmt":"2023-07-07T07:59:26","slug":"denuncian-en-vigo-la-paralizacion-de-licencias-urbanisticas-desde-diciembre-por-discrepancias-juridicas-del-concello","status":"publish","type":"post","link":"https:\/\/aproin.com\/index.php\/denuncian-en-vigo-la-paralizacion-de-licencias-urbanisticas-desde-diciembre-por-discrepancias-juridicas-del-concello\/","title":{"rendered":"Denuncian en Vigo la paralizaci\u00f3n de licencias urban\u00edsticas desde diciembre por discrepancias jur\u00eddicas del Concello"},"content":{"rendered":"\n<p><strong><br>El Colegio de Arquitectos se\u00f1ala que se duda de la legalidad de las otorgadas en base a la ordenaci\u00f3n provisional o se deniegan: &#8220;Es dram\u00e1tico&#8221;<\/strong><\/p>\n\n\n\n<p>Borja Melchor | Faro de Vigo<\/p>\n\n\n\n<p>La situaci\u00f3n actual en materia de urbanismo en Vigo es \u201cdram\u00e1tica\u201d. As\u00ed de rotundo se muestra el presidente de la delegaci\u00f3n de Vigo del Colegio Oficial de Arquitectos de Galicia (COAG), Manuel Mart\u00ednez. Y la denuncia que realiza justifica esta alarma. Asegura que, por \u201cdiscrepancias jur\u00eddicas internas del Concello en gran medida, desde el pasado mes de diciembre, se han paralizado las licencias relativas al \u00e1mbito del Instrumento de Ordenaci\u00f3n Provisional (IOP)\u201d y, adem\u00e1s, \u201cse ha puesto en duda la legalidad de las concedidas desde agosto de 2021\u201d, mes en el que se aprob\u00f3 de forma inicial el nuevo Plan Xeral de Ordenaci\u00f3n Municipal (PXOM), que sigue a la espera de su aprobaci\u00f3n provisional mientras Xunta de Galicia y Concello de Vigo se atribuyen el retraso.<\/p>\n\n\n\n<p>El representante de los arquitectos gallegos en Vigo advierte de casos de \u201cciudadanos y profesionales que han hecho sus proyectos ajust\u00e1ndose a la normativa publicada\u201d a los que \u201cles deniegan las licencias y se ponen incluso en tela de juicio las concedidas\u201d. \u201cEs un da\u00f1o legal y moral que no puede pasar en un Estado de derecho. Si la administraci\u00f3n p\u00fablica castiga a quien lo hace bien y sigue las reglas, estamos fomentando volver al ti vai facendo y favoreciendo a quien lo hace mal. Y no es justo\u201d, subraya.<\/p>\n\n\n\n<p><strong>Mart\u00ednez recalca la necesidad de \u201cdotar de la m\u00e1xima certeza y seguridad jur\u00eddica a la ciudadan\u00eda y a los profesionales del campo urban\u00edstico y la construcci\u00f3n\u201d. <\/strong>\u201cAhora mismo, la precariedad en la que estamos instalados afecta muy negativamente a la inversi\u00f3n, el empleo y el desarrollo de la ciudad. Quiero p\u00fablicamente poner en valor el buen trabajo de los arquitectos municipales, que, pese a la situaci\u00f3n actual y la presi\u00f3n a la que est\u00e1n sometidos, est\u00e1n informando y resolviendo los expedientes seg\u00fan la normativa vigente, que, recuerdo, es de obligado cumplimiento, a pesar de la situaci\u00f3n tan irregular que vivimos, puesto que los informes favorables est\u00e1n siendo, en gran medida, paralizados por discrepancias jur\u00eddicas internas del Concello de Vigo. Esta situaci\u00f3n es incomprensible y no deber\u00eda suceder\u201d, apostilla.<\/p>\n\n\n\n<p>Con el objetivo de revertir esta coyuntura, Mart\u00ednez, en nombre del Colegio Oficial de Arquitectos de Galicia, una \u201ccorporaci\u00f3n de derecho p\u00fablico\u201d, como recuerda, insta a la Xerencia Municipal de Urbanismo del Concello a que \u201cconceda inmediatamente todas las licencias paralizadas pese a las pegas que el secretario del Ayuntamiento pueda poner\u201d: \u201cJur\u00eddicamente, no son de aplicaci\u00f3n\u201d. Realiza esta solicitud en base a los informes elaborados por los servicios jur\u00eddicos de la entidad a la que representa.<\/p>\n\n\n\n<p><strong><em>lectura completa solo para suscriptores&#8230;<\/em><\/strong><\/p>\n","protected":false},"excerpt":{"rendered":"<p>El Colegio de Arquitectos se\u00f1ala que se duda de la legalidad de las otorgadas en base a la ordenaci\u00f3n provisional o se&#8230;<\/p>\n","protected":false},"author":2,"featured_media":4166,"comment_status":"open","ping_status":"open","sticky":false,"template":"","format":"standard","meta":[],"categories":[1],"tags":[],"_links":{"self":[{"href":"https:\/\/aproin.com\/index.php\/wp-json\/wp\/v2\/posts\/4403"}],"collection":[{"href":"https:\/\/aproin.com\/index.php\/wp-json\/wp\/v2\/posts"}],"about":[{"href":"https:\/\/aproin.com\/index.php\/wp-json\/wp\/v2\/types\/post"}],"author":[{"embeddable":true,"href":"https:\/\/aproin.com\/index.php\/wp-json\/wp\/v2\/users\/2"}],"replies":[{"embeddable":true,"href":"https:\/\/aproin.com\/index.php\/wp-json\/wp\/v2\/comments?post=4403"}],"version-history":[{"count":1,"href":"https:\/\/aproin.com\/index.php\/wp-json\/wp\/v2\/posts\/4403\/revisions"}],"predecessor-version":[{"id":4404,"href":"https:\/\/aproin.com\/index.php\/wp-json\/wp\/v2\/posts\/4403\/revisions\/4404"}],"wp:featuredmedia":[{"embeddable":true,"href":"https:\/\/aproin.com\/index.php\/wp-json\/wp\/v2\/media\/4166"}],"wp:attachment":[{"href":"https:\/\/aproin.com\/index.php\/wp-json\/wp\/v2\/media?parent=4403"}],"wp:term":[{"taxonomy":"category","embeddable":true,"href":"https:\/\/aproin.com\/index.php\/wp-json\/wp\/v2\/categories?post=4403"},{"taxonomy":"post_tag","embeddable":true,"href":"https:\/\/aproin.com\/index.php\/wp-json\/wp\/v2\/tags?post=4403"}],"curies":[{"name":"wp","href":"https:\/\/api.w.org\/{rel}","templated":true}]}}