{"id":4407,"date":"2023-07-10T10:38:04","date_gmt":"2023-07-10T08:38:04","guid":{"rendered":"https:\/\/aproin.com\/?p=4407"},"modified":"2023-07-10T10:38:09","modified_gmt":"2023-07-10T08:38:09","slug":"los-arquitectos-proponen-que-el-nuevo-pxom-recoja-la-ordenacion-provisional","status":"publish","type":"post","link":"https:\/\/aproin.com\/index.php\/los-arquitectos-proponen-que-el-nuevo-pxom-recoja-la-ordenacion-provisional\/","title":{"rendered":"Los arquitectos proponen que el nuevo PXOM recoja la ordenaci\u00f3n provisional"},"content":{"rendered":"\n<p><br><strong>\u201cDar\u00eda las m\u00e1ximas garant\u00edas legales que tanto necesitamos\u201d, defienden<\/strong><br><br>Borja Melchor |Faro de Vigo<\/p>\n\n\n\n<p>Desencallada la tramitaci\u00f3n de la revisi\u00f3n del Plan Xeral de Ordenaci\u00f3n Municipal (PXOM) tras el visto bueno condicionado de la Direcci\u00f3n Xeral de Patrimonio y la Axencia Galega de Infraestruturas, los colectivos m\u00e1s vinculados a este instrumento urban\u00edstico alzan la voz para conseguir que se ajuste lo m\u00e1ximo posible a sus necesidades y las de la ciudad. El presidente de la delegaci\u00f3n viguesa del Colegio Oficial de Arquitectos de Galicia (COAG), <strong>Manuel Mart\u00ednez, propone en nombre de la entidad a la que representa que el nuevo PXOM incorpore el Instrumento de Ordenaci\u00f3n Provisional (IOP).<\/strong><\/p>\n\n\n\n<p>\u201cEl Colegio sigue trabajando con ilusi\u00f3n para que nuestras propuestas se recojan, muy especialmente, que el nuevo Plan incorpore el IOP, porque es el documento con el que llevamos construyendo la ciudad los \u00faltimos cuatro a\u00f1os y ser\u00eda consecuente, pero, sobre todo, porque dar\u00eda las m\u00e1ximas garant\u00edas legales que tanto necesitamos\u201d, argumenta Mart\u00ednez tras apuntar que el nuevo Plan Xeral, \u201ca pesar de la urgencia, tiene que ser lo mejor posible y contar con el mayor consenso, de la sociedad civil y los profesionales, pues ser\u00e1 el documento del que dependan las l\u00edneas maestras del desarrollo de la ciudad durante muchos a\u00f1os\u201d. \u201cEl Colegio de Arquitectos ha colaborado al m\u00e1ximo con la Xerencia de Urbanismo <strong>haciendo propuestas de mejora al documento<\/strong>, aportando el saber y la experiencia de los arquitectos de Vigo, que son los que mejor conocen la realidad de una ciudad tan compleja como maravillosa\u201d, anota.<\/p>\n\n\n\n<p>&#8230;lectura completa solo para suscriptores<\/p>\n","protected":false},"excerpt":{"rendered":"<p>\u201cDar\u00eda las m\u00e1ximas garant\u00edas legales que tanto necesitamos\u201d, defienden Borja Melchor |Faro de Vigo Desencallada la tramitaci\u00f3n de la revisi\u00f3n del Plan&#8230;<\/p>\n","protected":false},"author":2,"featured_media":3659,"comment_status":"open","ping_status":"open","sticky":false,"template":"","format":"standard","meta":[],"categories":[1],"tags":[],"_links":{"self":[{"href":"https:\/\/aproin.com\/index.php\/wp-json\/wp\/v2\/posts\/4407"}],"collection":[{"href":"https:\/\/aproin.com\/index.php\/wp-json\/wp\/v2\/posts"}],"about":[{"href":"https:\/\/aproin.com\/index.php\/wp-json\/wp\/v2\/types\/post"}],"author":[{"embeddable":true,"href":"https:\/\/aproin.com\/index.php\/wp-json\/wp\/v2\/users\/2"}],"replies":[{"embeddable":true,"href":"https:\/\/aproin.com\/index.php\/wp-json\/wp\/v2\/comments?post=4407"}],"version-history":[{"count":1,"href":"https:\/\/aproin.com\/index.php\/wp-json\/wp\/v2\/posts\/4407\/revisions"}],"predecessor-version":[{"id":4408,"href":"https:\/\/aproin.com\/index.php\/wp-json\/wp\/v2\/posts\/4407\/revisions\/4408"}],"wp:featuredmedia":[{"embeddable":true,"href":"https:\/\/aproin.com\/index.php\/wp-json\/wp\/v2\/media\/3659"}],"wp:attachment":[{"href":"https:\/\/aproin.com\/index.php\/wp-json\/wp\/v2\/media?parent=4407"}],"wp:term":[{"taxonomy":"category","embeddable":true,"href":"https:\/\/aproin.com\/index.php\/wp-json\/wp\/v2\/categories?post=4407"},{"taxonomy":"post_tag","embeddable":true,"href":"https:\/\/aproin.com\/index.php\/wp-json\/wp\/v2\/tags?post=4407"}],"curies":[{"name":"wp","href":"https:\/\/api.w.org\/{rel}","templated":true}]}}