{"id":4435,"date":"2023-09-06T09:33:32","date_gmt":"2023-09-06T07:33:32","guid":{"rendered":"https:\/\/aproin.com\/?p=4435"},"modified":"2023-09-06T09:33:36","modified_gmt":"2023-09-06T07:33:36","slug":"primera-licencia-para-la-macrourbanizacion-del-barrio-do-cura-107-viviendas-y-155-plazas-de-garaje","status":"publish","type":"post","link":"https:\/\/aproin.com\/index.php\/primera-licencia-para-la-macrourbanizacion-del-barrio-do-cura-107-viviendas-y-155-plazas-de-garaje\/","title":{"rendered":"Primera licencia para la macrourbanizaci\u00f3n del Barrio do Cura: 107 viviendas y 155 plazas de garaje"},"content":{"rendered":"\n<p><br>ALEJANDRO MART\u00cdNEZ<br>VIGO \/ LA VOZ<\/p>\n\n\n\n<p><strong>El Concello de Vigo da luz verde al edificio con un presupuesto de ejecuci\u00f3n de 11,5 millones de euros<\/strong><\/p>\n\n\n\n<p>La Gerencia Municipal de Urbanismo del Concello de Vigo ha aprobado esta ma\u00f1ana la primera licencia de obra de la mayor promoci\u00f3n inmobiliaria de la ciudad. Se trata de la <strong>macrourbanizaci\u00f3n de lujo del Barrio do Cura<\/strong>, en pleno coraz\u00f3n del Casco Vello. La concejala Mar\u00eda Jos\u00e9 Caride ha sido la encargada de dar luz verde al primer edificio, que tendr\u00e1 107 viviendas (30 de ellas sujetas a alg\u00fan r\u00e9gimen de protecci\u00f3n oficial, seg\u00fan el alcalde) y dos s\u00f3tanos con capacidad para 155 plazas de garaje y 107 trasteros. El presupuesto de ejecuci\u00f3n asciende a 11,5 millones de euros.<\/p>\n\n\n\n<p>El edificio estrella del Barrio do Cura, que en total prev\u00e9 la construcci\u00f3n de 265 pisos, queda todav\u00eda pendiente. Se trata de una operaci\u00f3n urban\u00edstica de gran calado que permitir\u00e1 la conexi\u00f3n de la calle de Torrecedeira y el Paseo de Alfonso, y ampliar las calles de Llorente y Santa Marta. El <strong>arquitecto Alfonso Penela<\/strong> fue el encargado de planificar esta actuaci\u00f3n. Est\u00e1 previsto levantar un centro comercial y que se abra una plaza p\u00fablica de alrededor de cinco mil metros cuadrados. Hacia Pi y Margall se decidi\u00f3 conservar la fachada del antiguo asilo, trasladado a la parroquia de Alcabre hace a\u00f1os.<\/p>\n\n\n\n<p>La historia del plan del Barrio do Cura se remonta a 1994. Fue la primera vez en que se trat\u00f3 de afrontar la ordenaci\u00f3n de este espacio. Cinco a\u00f1os m\u00e1s tarde, el gobierno de Manuel P\u00e9rez se propuso derribar el asilo y recalificar el suelo para usos habitacionales. En el 2004, la empresa del exfutbolista del Celta Valery Karpin, que tuvo como socio a su excompa\u00f1ero M\u00edchel Salgado, present\u00f3 un ambicioso proyecto que decay\u00f3 con la crisis financiera del 2008. El proyecto renaci\u00f3 de la mano del fondo de inversi\u00f3n Autonomy y de la inmobiliaria Gestilar. La falta de hallazgos importantes en las prospecciones arqueol\u00f3gicas han despejado el camino para la promotora, que esperaba desde hace un a\u00f1o por la concesi\u00f3n de licencias.<\/p>\n","protected":false},"excerpt":{"rendered":"<p>ALEJANDRO MART\u00cdNEZVIGO \/ LA VOZ El Concello de Vigo da luz verde al edificio con un presupuesto de ejecuci\u00f3n de 11,5 millones&#8230;<\/p>\n","protected":false},"author":2,"featured_media":4215,"comment_status":"open","ping_status":"open","sticky":false,"template":"","format":"standard","meta":[],"categories":[1],"tags":[],"_links":{"self":[{"href":"https:\/\/aproin.com\/index.php\/wp-json\/wp\/v2\/posts\/4435"}],"collection":[{"href":"https:\/\/aproin.com\/index.php\/wp-json\/wp\/v2\/posts"}],"about":[{"href":"https:\/\/aproin.com\/index.php\/wp-json\/wp\/v2\/types\/post"}],"author":[{"embeddable":true,"href":"https:\/\/aproin.com\/index.php\/wp-json\/wp\/v2\/users\/2"}],"replies":[{"embeddable":true,"href":"https:\/\/aproin.com\/index.php\/wp-json\/wp\/v2\/comments?post=4435"}],"version-history":[{"count":1,"href":"https:\/\/aproin.com\/index.php\/wp-json\/wp\/v2\/posts\/4435\/revisions"}],"predecessor-version":[{"id":4436,"href":"https:\/\/aproin.com\/index.php\/wp-json\/wp\/v2\/posts\/4435\/revisions\/4436"}],"wp:featuredmedia":[{"embeddable":true,"href":"https:\/\/aproin.com\/index.php\/wp-json\/wp\/v2\/media\/4215"}],"wp:attachment":[{"href":"https:\/\/aproin.com\/index.php\/wp-json\/wp\/v2\/media?parent=4435"}],"wp:term":[{"taxonomy":"category","embeddable":true,"href":"https:\/\/aproin.com\/index.php\/wp-json\/wp\/v2\/categories?post=4435"},{"taxonomy":"post_tag","embeddable":true,"href":"https:\/\/aproin.com\/index.php\/wp-json\/wp\/v2\/tags?post=4435"}],"curies":[{"name":"wp","href":"https:\/\/api.w.org\/{rel}","templated":true}]}}