{"id":4461,"date":"2023-09-21T14:01:58","date_gmt":"2023-09-21T12:01:58","guid":{"rendered":"https:\/\/aproin.com\/?p=4461"},"modified":"2023-09-21T14:02:03","modified_gmt":"2023-09-21T12:02:03","slug":"el-concello-acepta-informar-a-los-vecinos-del-pgom-de-nigran","status":"publish","type":"post","link":"https:\/\/aproin.com\/index.php\/el-concello-acepta-informar-a-los-vecinos-del-pgom-de-nigran\/","title":{"rendered":"El Concello acepta informar a los vecinos del PGOM de Nigr\u00e1n"},"content":{"rendered":"\n<p>Atl\u00e1ntico \/ Redacci\u00f3n<\/p>\n\n\n\n<p><strong>El consistorio asume la reclamaci\u00f3n y abre una oficina para atender las preguntas sobre el nuevo Plan General<\/strong><br><br>El Ayuntamiento de Nigr\u00e1n establecer\u00e1 desde el lunes 25 de septiembre al viernes 6 de octubre un servicio espec\u00edfico de atenci\u00f3n a personas interesadas en conocer detalles concretos del documento previo del PGOM que se propondr\u00e1 para aprobaci\u00f3n provisional. Estar\u00e1 atendido por el propio arquitecto municipal y dos t\u00e9cnicos del departamento de 17:00 a 20:00 horas en las dependencias de Urbanismo mediante cita previa en el 986383288 de 9:00 a 13:00 horas. El objetivo es que todo aquel vecino que no hab\u00eda podido acudir a las reuniones que desde inicios de mes el Ayuntamiento est\u00e1 haciendo en cada parroquia pueda resolver sus dudas de manera certera acudiendo aqu\u00ed (ayer fue el turno de Priegue con cientos de asistentes en el local del Torreiro, ma\u00f1ana jueves en Parada a las 20:30 y el lunes 25 se finalizan las 7 parroquias a las 20:30 horas en San Pedro, en el local de Lana Uni\u00f3n). Igualmente, y tambi\u00e9n en aras de la m\u00e1xima transparencia, el Ayuntamiento ha colgado el documento desde julio en la web municipal <strong>(portada> www.nigran.org).<\/strong><\/p>\n\n\n\n<p>&#8220;Fue una de las demandas que se nos plante\u00f3 en estos encuentros por parroquias y los pareci\u00f3 muy pertinente establecerlo para que el vecindario reciba informaci\u00f3n de primera mano sobre el documento al tiempo que descongestionamos el departamento de Urbanismo durante alas ma\u00f1anas&#8221;, explic\u00f3 el alcalde, Juan Gonz\u00e1lez, quien avanza que &#8220;se ampliar\u00e1 en el tiempo se siguiera existiendo demanda pasadas las dos semanas&#8221;. Igualmente, y con el objetivo tambi\u00e9n de outorgalle la m\u00e1xima transparencia, este mismo documento ser\u00e1 presentado en un Consejo Sectorial que se convocar\u00e1 en octubre, \u00f3rgano este que se reun\u00edu por \u00faltima vez en el 2018 para abordar la propuesta de modificaci\u00f3n n\u00famero 25 de las Normas Subsidiarias (NNSS) que rigen el planeamento urban\u00edstico del municipio desde 1991. Desde inicios de a\u00f1o, todos los informes sectoriales son favorables y el Ayuntamiento envi\u00f3 el 5 de mayo a la Xunta el \u2018Estudio Ambiental Estrat\u00e9gico\u2019, tr\u00e1mite final para su aprobaci\u00f3n provisional y que debe tener responde en un plazo m\u00e1ximo de 3 meses, estim\u00e1ndose que se produzca de manera inminente. \u201cEs una enorme tranquilidad y una satisfacci\u00f3n tener finalizados todos los \u2018deberes\u2019 del PGOM por parte del Ayuntamiento&#8221;, indic\u00f3 el alcalde.<\/p>\n","protected":false},"excerpt":{"rendered":"<p>Atl\u00e1ntico \/ Redacci\u00f3n El consistorio asume la reclamaci\u00f3n y abre una oficina para atender las preguntas sobre el nuevo Plan General El&#8230;<\/p>\n","protected":false},"author":2,"featured_media":4060,"comment_status":"open","ping_status":"open","sticky":false,"template":"","format":"standard","meta":[],"categories":[1],"tags":[],"_links":{"self":[{"href":"https:\/\/aproin.com\/index.php\/wp-json\/wp\/v2\/posts\/4461"}],"collection":[{"href":"https:\/\/aproin.com\/index.php\/wp-json\/wp\/v2\/posts"}],"about":[{"href":"https:\/\/aproin.com\/index.php\/wp-json\/wp\/v2\/types\/post"}],"author":[{"embeddable":true,"href":"https:\/\/aproin.com\/index.php\/wp-json\/wp\/v2\/users\/2"}],"replies":[{"embeddable":true,"href":"https:\/\/aproin.com\/index.php\/wp-json\/wp\/v2\/comments?post=4461"}],"version-history":[{"count":1,"href":"https:\/\/aproin.com\/index.php\/wp-json\/wp\/v2\/posts\/4461\/revisions"}],"predecessor-version":[{"id":4462,"href":"https:\/\/aproin.com\/index.php\/wp-json\/wp\/v2\/posts\/4461\/revisions\/4462"}],"wp:featuredmedia":[{"embeddable":true,"href":"https:\/\/aproin.com\/index.php\/wp-json\/wp\/v2\/media\/4060"}],"wp:attachment":[{"href":"https:\/\/aproin.com\/index.php\/wp-json\/wp\/v2\/media?parent=4461"}],"wp:term":[{"taxonomy":"category","embeddable":true,"href":"https:\/\/aproin.com\/index.php\/wp-json\/wp\/v2\/categories?post=4461"},{"taxonomy":"post_tag","embeddable":true,"href":"https:\/\/aproin.com\/index.php\/wp-json\/wp\/v2\/tags?post=4461"}],"curies":[{"name":"wp","href":"https:\/\/api.w.org\/{rel}","templated":true}]}}