{"id":4465,"date":"2023-09-22T09:06:52","date_gmt":"2023-09-22T07:06:52","guid":{"rendered":"https:\/\/aproin.com\/?p=4465"},"modified":"2023-09-22T09:06:57","modified_gmt":"2023-09-22T07:06:57","slug":"la-ampliacion-del-iop-cambia-de-ruta-no-se-lograra-con-un-pleno-extraordinario","status":"publish","type":"post","link":"https:\/\/aproin.com\/index.php\/la-ampliacion-del-iop-cambia-de-ruta-no-se-lograra-con-un-pleno-extraordinario\/","title":{"rendered":"La ampliaci\u00f3n del IOP cambia de ruta: no se lograr\u00e1 con un pleno extraordinario"},"content":{"rendered":"\n<p><strong><br>La mayor\u00eda absoluta del grupo socialista permite considerar este paso un tr\u00e1mite<br>El Concello se ampara en la Lei do Procedemento Administrativo Com\u00fan<\/strong><\/p>\n\n\n\n<p>Borja Melchor | Faro de Vigo<\/p>\n\n\n\n<p>La propuesta de ampliaci\u00f3n por tres meses del plazo para lograr la aprobaci\u00f3n provisional del nuevo Plan Xeral de Ordenaci\u00f3n Municipal (PXOM), paso con el que el Concello pretende dilatar la vigencia del Instrumento de Ordenaci\u00f3n Provisional (IOP) para que no decaiga el 5 de octubre, no ser\u00e1 ratificada en un pleno extraordinario, como preve\u00eda inicialmente el Concello, sino a trav\u00e9s de una sesi\u00f3n ordinaria que se celebrar\u00e1 el lunes.<\/p>\n\n\n\n<p><strong>M\u00e1s de un centenar de licencias urban\u00edsticas ser\u00e1n desbloqueadas en octubre<\/strong><\/p>\n\n\n\n<p>La mayor\u00eda absoluta del grupo socialista permite considerar este paso un mero tr\u00e1mite en el proceso de ampliaci\u00f3n, del que podr\u00e1n opinar el equipo de gobierno, pero tambi\u00e9n la oposici\u00f3n en la c\u00e1mara municipal, adonde llegar\u00e1 13 d\u00edas despu\u00e9s de recibir la bendici\u00f3n del Consello da Xerencia de Urbanismo, por lo tanto, en el marco legal al haber pasado los 10 d\u00edas que fija la ley.<\/p>\n\n\n\n<p>Una vez el pleno valide la propuesta, deber\u00e1 pasar por la secretar\u00eda general del pleno, Intervenci\u00f3n, el Consello Social de la ciudad y, posteriormente, se remitir\u00e1 de nuevo a la Xerencia de Urbanismo. El alcalde, Abel Caballero, asegur\u00f3 el 5 de septiembre que la aprobaci\u00f3n provisional del Plan Xeral se lograr\u00eda en un plazo de &#8220;dos meses&#8221;.<\/p>\n\n\n\n<p><strong>El retraso del nuevo Plan Xeral deja en el aire m\u00e1s de 870 millones en inversiones<\/strong><\/p>\n\n\n\n<p>La ampliaci\u00f3n del plazo para alcanzar el &#8220;OK&#8221; provisional del Plan Xeral se ampara, sge\u00fan fuentes municipales, en el art\u00edculo 23.1 de la Lei do Procedemento Administrativo Com\u00fan das Administraci\u00f3ns P\u00fablicas\u201d. Argumentan que el informe del secretario del pleno del 1 de septiembre establece la vigencia del IOP hasta el 5 de octubre y reconoce la imposibilidad de aprobar provisionalmente el PXOM con anterioridad a esta fecha -por lo que decaer\u00eda el IOP- dados los requisitos de la tramitaci\u00f3n que tiene un documento tan complejo.<\/p>\n\n\n\n<p><strong><em>lectura completa solo para suscriptores <\/em><\/strong><\/p>\n","protected":false},"excerpt":{"rendered":"<p>La mayor\u00eda absoluta del grupo socialista permite considerar este paso un tr\u00e1miteEl Concello se ampara en la Lei do Procedemento Administrativo Com\u00fan&#8230;<\/p>\n","protected":false},"author":2,"featured_media":4322,"comment_status":"open","ping_status":"open","sticky":false,"template":"","format":"standard","meta":[],"categories":[1],"tags":[],"_links":{"self":[{"href":"https:\/\/aproin.com\/index.php\/wp-json\/wp\/v2\/posts\/4465"}],"collection":[{"href":"https:\/\/aproin.com\/index.php\/wp-json\/wp\/v2\/posts"}],"about":[{"href":"https:\/\/aproin.com\/index.php\/wp-json\/wp\/v2\/types\/post"}],"author":[{"embeddable":true,"href":"https:\/\/aproin.com\/index.php\/wp-json\/wp\/v2\/users\/2"}],"replies":[{"embeddable":true,"href":"https:\/\/aproin.com\/index.php\/wp-json\/wp\/v2\/comments?post=4465"}],"version-history":[{"count":1,"href":"https:\/\/aproin.com\/index.php\/wp-json\/wp\/v2\/posts\/4465\/revisions"}],"predecessor-version":[{"id":4466,"href":"https:\/\/aproin.com\/index.php\/wp-json\/wp\/v2\/posts\/4465\/revisions\/4466"}],"wp:featuredmedia":[{"embeddable":true,"href":"https:\/\/aproin.com\/index.php\/wp-json\/wp\/v2\/media\/4322"}],"wp:attachment":[{"href":"https:\/\/aproin.com\/index.php\/wp-json\/wp\/v2\/media?parent=4465"}],"wp:term":[{"taxonomy":"category","embeddable":true,"href":"https:\/\/aproin.com\/index.php\/wp-json\/wp\/v2\/categories?post=4465"},{"taxonomy":"post_tag","embeddable":true,"href":"https:\/\/aproin.com\/index.php\/wp-json\/wp\/v2\/tags?post=4465"}],"curies":[{"name":"wp","href":"https:\/\/api.w.org\/{rel}","templated":true}]}}