{"id":4467,"date":"2023-09-22T09:11:41","date_gmt":"2023-09-22T07:11:41","guid":{"rendered":"https:\/\/aproin.com\/?p=4467"},"modified":"2023-09-22T09:11:46","modified_gmt":"2023-09-22T07:11:46","slug":"inquilinos-crean-un-sindicato-por-el-alza-del-alquiler-juntos-somos-mas-fuertes","status":"publish","type":"post","link":"https:\/\/aproin.com\/index.php\/inquilinos-crean-un-sindicato-por-el-alza-del-alquiler-juntos-somos-mas-fuertes\/","title":{"rendered":"Inquilinos crean un sindicato por el alza del alquiler: \u201cJuntos somos m\u00e1s fuertes\u201d"},"content":{"rendered":"\n<p><strong> Agrupa a una treintena de personas y coge el testigo de la Plataforma de Afectados por la Hipoteca<br>Piden que se regulen los precios y se limiten las viviendas de uso tur\u00edstic<\/strong>o<\/p>\n\n\n\n<p>Borja Melchor \/ Faro de Vigo<\/p>\n\n\n\n<p>\u201cVamos a hacer toda la fuerza que podamos a todas las administraciones para que regulen el alquiler. Si vamos juntos, somos m\u00e1s fuertes\u201d. Es el mensaje de bienvenida del Sindicato de Inquilinas de Vigo-Tui-BM (Baixo Mi\u00f1o). Se pone en marcha ahora debido al \u201cgrav\u00edsimo problema\u201d que padece la ciudad y el entorno en materia de arrendamientos, como explica uno de sus portavoces provisionales, Adolfo Telmo, cofundador de la Plataforma de Afectados por la Hipoteca y la Especulaci\u00f3n con la Vivienda de Vigo, Tui y Baixo Mi\u00f1o (PAH): esta nueva entidad es una \u201ctransformaci\u00f3n\u201d de la PAH. Agrupa a una treintena de personas actualmente y su objetivo es configurarse y promocionarse en los pr\u00f3ximos meses.<\/p>\n\n\n\n<p>Ma\u00f1ana, desde las 12.30 horas, frente al mercado de O Calvario, representantes de este colectivo dar\u00e1n a conocerlo: repartir\u00e1n d\u00edpticos con sus reivindicaciones e informar\u00e1n a los viandantes para lograr afiliados. \u201cEn Espa\u00f1a, es imposible tener un proyecto de vida estable como inquilino o propietario por la desprotecci\u00f3n jur\u00eddica y, sobre todo, por la creciente precariedad y aumento del precio de la vivienda. Los caseros y banqueros est\u00e1n organizados; a partir de hoy, los inquilinos tambi\u00e9n estaremos organizadas\u201d, destacan.<\/p>\n\n\n\n<p><strong>El alquiler subi\u00f3 en Vigo m\u00e1s que en Madrid, Bilbao o Sevilla en los \u00faltimos ocho a\u00f1os<\/strong><\/p>\n\n\n\n<p>Telmo subraya que el problema del alquiler es \u201cgrav\u00edsimo\u201d. Para explicarlo, cita la informaci\u00f3n publicada por FARO hace algo m\u00e1s de dos semanas: seg\u00fan las estad\u00edsticas elaboradas por el portal inmobiliario Idealista \u2013re\u00fane la mayor cifra de viviendas disponibles del mercado\u2013, el precio medio del metro cuadrado desde 2015 se increment\u00f3 un 38,8%: pas\u00f3 de 6,7 euros a 9,3. Es decir, para vivir en un apartamento de 50 metros cuadrados, hab\u00eda que desembolsar hace ocho a\u00f1os 335 euros; ahora, 465 euros, 130 m\u00e1s que entonces.<\/p>\n\n\n\n<p>\u201cLas administraciones deben aplicar la nueva Ley de vivienda. Estamos en condiciones de regular el alquiler en Vigo: vivimos en una zona tensionada, ya que se cumplen los dos requisitos que establece la norma para ello por la evoluci\u00f3n del precio sobre el \u00cdndice de Precios de Consumo (IPC) y los gastos de vivienda sobre la renta media. Los sueldos son los que son y te piden el ri\u00f1\u00f3n derecho y el ojo izquierdo para empezar a ser inquilino. Hay que solucionar esta situaci\u00f3n: la gente debe tener un sitio para vivir y un proyecto de vida estable, digno y asequible. Es sentido com\u00fan\u201d, explica.<\/p>\n\n\n\n<p><strong>lectura completa solo para suscriptores <\/strong>&#8230;<\/p>\n","protected":false},"excerpt":{"rendered":"<p>Agrupa a una treintena de personas y coge el testigo de la Plataforma de Afectados por la HipotecaPiden que se regulen los&#8230;<\/p>\n","protected":false},"author":2,"featured_media":3316,"comment_status":"open","ping_status":"open","sticky":false,"template":"","format":"standard","meta":[],"categories":[1],"tags":[],"_links":{"self":[{"href":"https:\/\/aproin.com\/index.php\/wp-json\/wp\/v2\/posts\/4467"}],"collection":[{"href":"https:\/\/aproin.com\/index.php\/wp-json\/wp\/v2\/posts"}],"about":[{"href":"https:\/\/aproin.com\/index.php\/wp-json\/wp\/v2\/types\/post"}],"author":[{"embeddable":true,"href":"https:\/\/aproin.com\/index.php\/wp-json\/wp\/v2\/users\/2"}],"replies":[{"embeddable":true,"href":"https:\/\/aproin.com\/index.php\/wp-json\/wp\/v2\/comments?post=4467"}],"version-history":[{"count":1,"href":"https:\/\/aproin.com\/index.php\/wp-json\/wp\/v2\/posts\/4467\/revisions"}],"predecessor-version":[{"id":4468,"href":"https:\/\/aproin.com\/index.php\/wp-json\/wp\/v2\/posts\/4467\/revisions\/4468"}],"wp:featuredmedia":[{"embeddable":true,"href":"https:\/\/aproin.com\/index.php\/wp-json\/wp\/v2\/media\/3316"}],"wp:attachment":[{"href":"https:\/\/aproin.com\/index.php\/wp-json\/wp\/v2\/media?parent=4467"}],"wp:term":[{"taxonomy":"category","embeddable":true,"href":"https:\/\/aproin.com\/index.php\/wp-json\/wp\/v2\/categories?post=4467"},{"taxonomy":"post_tag","embeddable":true,"href":"https:\/\/aproin.com\/index.php\/wp-json\/wp\/v2\/tags?post=4467"}],"curies":[{"name":"wp","href":"https:\/\/api.w.org\/{rel}","templated":true}]}}