{"id":4487,"date":"2023-11-06T09:20:56","date_gmt":"2023-11-06T08:20:56","guid":{"rendered":"https:\/\/aproin.com\/?p=4487"},"modified":"2023-11-06T09:21:01","modified_gmt":"2023-11-06T08:21:01","slug":"vigo-sumara-50-viviendas-nuevas-con-dos-promociones-centricas-y-otra-en-llorones","status":"publish","type":"post","link":"https:\/\/aproin.com\/index.php\/vigo-sumara-50-viviendas-nuevas-con-dos-promociones-centricas-y-otra-en-llorones\/","title":{"rendered":"Vigo sumar\u00e1 50 viviendas nuevas con dos promociones c\u00e9ntricas y otra en Llorones"},"content":{"rendered":"\n<p><strong><br>\u201cObra nueva centro\u201d reforma tres edificios en Arzobispo Xelm\u00edrez y Urz\u00e1iz para alumbrar m\u00e1s de 40 pisos<br>C\u00e1novas ganar\u00e1 un bloque de nueve plantas en su \u00fanico solar vac\u00edo<\/strong><\/p>\n\n\n\n<p>Borja Melchor | Faro de Vigo<\/p>\n\n\n\n<p>A la espera de que vea la luz el nuevo Plan Xeral de Ordenaci\u00f3n Municipal (PXOM) \u2013hito que se prev\u00e9 en alg\u00fan momento del primer semestre del pr\u00f3ximo a\u00f1o\u2013, que dispondr\u00e1 terrenos para la construcci\u00f3n de m\u00e1s de 51.400 viviendas, la cartera inmobiliaria de la ciudad crece poco a poco. Lo hace, sobre todo, con proyectos de rehabilitaci\u00f3n de edificios, pero tambi\u00e9n con promociones sin una envergadura may\u00fascula. A las intervenciones avanzadas recientemente por FARO en la zona de Hern\u00e1n Cort\u00e9s y las calles Progreso (n\u00famero 10) y Vel\u00e1zquez Moreno (49), se suman otras tres en C\u00e1novas del Castillo, Arzobispo Xelm\u00edrez y Urz\u00e1iz, de las que resultar\u00e1n medio centenar de pisos.<\/p>\n\n\n\n<p><strong>Regeneraci\u00f3n total del entorno de la calle Hern\u00e1n Cort\u00e9s: una gran plaza p\u00fablica y 63 viviendas<\/strong><br><br>Carlos Ponce<br><br>La actuaci\u00f3n con m\u00e1s peso en cuanto a la cifra de viviendas es la del n\u00famero 135 de Urz\u00e1iz, a pocos metros del cruce de Llorones. Se est\u00e1 reformando un edificio de 1962 para alumbrar 21 pisos de dos y tres dormitorios de entre 85 y 135 metros cuadrados, seg\u00fan recoge en su web la promotora Obra nueva centro, con proyectos repartidos en A Coru\u00f1a, Sanxenxo y la ciudad ol\u00edvica \u2013Ecuador, 73; Pr\u00edncipe, 59; el edificio Romero; Col\u00f3n, 22; o Nicaragua, 43-45\u2013. Tambi\u00e9n indica que cuatro ya est\u00e1n vendidos. Los precios de los disponibles: de 213.000 euros a m\u00e1s de 300.000 euros \u2013IVA no incluido\u2013. Se prev\u00e9 su finalizaci\u00f3n en primavera.<\/p>\n\n\n\n<p><\/p>\n\n\n\n<p><strong>Obra nueva centro<\/strong> tambi\u00e9n pone la firma en la rehabilitaci\u00f3n de los inmuebles que se levantan en los n\u00fameros 2 y 4 de la c\u00e9ntrica calle Arzobispo Xelm\u00edrez, ambos construidos en 1956. Se ubican al lado de Venezuela y a unos 100 metros de la Gran V\u00eda. Esta intervenci\u00f3n, al igual que la de Urz\u00e1iz, est\u00e1 en marcha. Las obras dar\u00e1n como resultado un complejo edificatorio de 21 pisos de dos habitaciones y 60, 63 y 65 metros cuadrados. Seg\u00fan indica la promotora en su p\u00e1gina web, m\u00e1s de la mitad ya est\u00e1n vendidos. Los que quedan se ofertan por 235.000, 245.000 y 295.000 euros sin IVA. Seg\u00fan el cronograma indicado por fuentes de la promotora, los trabajos se prolongar\u00e1n un a\u00f1o y medio m\u00e1s aproximadamente. <\/p>\n\n\n\n<p>Otro proyecto en desarrollo se encuentra en la \u00fanica parcela vac\u00eda de la calle C\u00e1novas del Castillo. En el n\u00famero 8, a poco m\u00e1s de 60 metros de la rotonda de A Laxe, sobre un solar ahora gobernado por la maleza, se levantar\u00e1 un bloque de nueve plantas con una vivienda en cada una de alto standing que tendr\u00e1n asignada una plaza de garaje y una bodega. No dispondr\u00e1 de locales comerciales. El inicio de la construcci\u00f3n est\u00e1 previsto para el primer trimestre de 2024, seg\u00fan informa la inmobiliaria que comercializa la promoci\u00f3n, Di Milano. Los precios: desde 750.000 euros \u2013sin IVA\u2013.<\/p>\n\n\n\n<p>Los siete pisos de la tercera a la novena planta, para los cuales se han dise\u00f1ado planos de tres y cuatro dormitorios, tendr\u00e1n una superficie de 180 m2 construidos y dispondr\u00e1n de terraza con vistas al mar y chimenea. Los de la primera y segunda planta sumar\u00e1n una superficie de unos 80 m2 y, para estos, se ha dise\u00f1ado un plano de dos dormitorios. \u201cEstas viviendas pueden personalizarse: desde la distribuci\u00f3n de las estancias a los distintos materiales de acabados en suelos, paredes y techos, as\u00ed como los modelos de sanitarios y cocinas\u201d, indican desde Di Milano.<\/p>\n\n\n\n<p>El edificio dispondr\u00e1 de dos accesos, uno desde C\u00e1novas del Castillo y otro desde Te\u00f3filo Llorente. Con respecto a los servicios comunes, en el \u00e1tico, est\u00e1 previsto dar vida a un espacio multiusos a disposici\u00f3n de la comunidad y un sol\u00e1rium con vistas al mar. <strong>El estudio de arquitectura que realiz\u00f3 el proyecto es OPV, con los profesionales Jos\u00e9 Melero y Alfonso Gonz\u00e1lez<\/strong> al frente. Fue modificado con respecto al presentado hace a\u00f1os a Urbanismo, que contemplaba inicialmente 16 pisos y oficinas con una fachada diferente a la que se prev\u00e9 ahora.<\/p>\n\n\n\n<p><strong><em>&#8230;lectura completa solo para suscriptores&#8230;<\/em><\/strong><\/p>\n","protected":false},"excerpt":{"rendered":"<p>\u201cObra nueva centro\u201d reforma tres edificios en Arzobispo Xelm\u00edrez y Urz\u00e1iz para alumbrar m\u00e1s de 40 pisosC\u00e1novas ganar\u00e1 un bloque de nueve&#8230;<\/p>\n","protected":false},"author":2,"featured_media":4121,"comment_status":"open","ping_status":"open","sticky":false,"template":"","format":"standard","meta":[],"categories":[1],"tags":[],"_links":{"self":[{"href":"https:\/\/aproin.com\/index.php\/wp-json\/wp\/v2\/posts\/4487"}],"collection":[{"href":"https:\/\/aproin.com\/index.php\/wp-json\/wp\/v2\/posts"}],"about":[{"href":"https:\/\/aproin.com\/index.php\/wp-json\/wp\/v2\/types\/post"}],"author":[{"embeddable":true,"href":"https:\/\/aproin.com\/index.php\/wp-json\/wp\/v2\/users\/2"}],"replies":[{"embeddable":true,"href":"https:\/\/aproin.com\/index.php\/wp-json\/wp\/v2\/comments?post=4487"}],"version-history":[{"count":1,"href":"https:\/\/aproin.com\/index.php\/wp-json\/wp\/v2\/posts\/4487\/revisions"}],"predecessor-version":[{"id":4488,"href":"https:\/\/aproin.com\/index.php\/wp-json\/wp\/v2\/posts\/4487\/revisions\/4488"}],"wp:featuredmedia":[{"embeddable":true,"href":"https:\/\/aproin.com\/index.php\/wp-json\/wp\/v2\/media\/4121"}],"wp:attachment":[{"href":"https:\/\/aproin.com\/index.php\/wp-json\/wp\/v2\/media?parent=4487"}],"wp:term":[{"taxonomy":"category","embeddable":true,"href":"https:\/\/aproin.com\/index.php\/wp-json\/wp\/v2\/categories?post=4487"},{"taxonomy":"post_tag","embeddable":true,"href":"https:\/\/aproin.com\/index.php\/wp-json\/wp\/v2\/tags?post=4487"}],"curies":[{"name":"wp","href":"https:\/\/api.w.org\/{rel}","templated":true}]}}