{"id":4545,"date":"2023-12-19T11:13:12","date_gmt":"2023-12-19T10:13:12","guid":{"rendered":"https:\/\/aproin.com\/?p=4545"},"modified":"2023-12-19T11:13:15","modified_gmt":"2023-12-19T10:13:15","slug":"el-plan-general-de-vigo-se-aprobara-el-dia-28-y-el-pp-no-votara-en-contra-opta-por-la-abstencion","status":"publish","type":"post","link":"https:\/\/aproin.com\/index.php\/el-plan-general-de-vigo-se-aprobara-el-dia-28-y-el-pp-no-votara-en-contra-opta-por-la-abstencion\/","title":{"rendered":"El Plan General de Vigo se aprobar\u00e1 el d\u00eda 28 y el PP no votar\u00e1 en contra: opta por la abstenci\u00f3n"},"content":{"rendered":"\n<p>Atl\u00e1ntico<br>M.B.<\/p>\n\n\n\n<p><strong>El PP se prev\u00e9 que se abstenga mientras que el BNG todav\u00eda no ha decidido el sentido de su voto<\/strong><br>El grupo municipal del PP prev\u00e9 variar el sentido de su voto y pasar del \u201cno\u201d dado en la aprobaci\u00f3n inicial del Plan General de Ordenaci\u00f3n Municipal (PGOM), en agosto de 2021, a la abstenci\u00f3n en la provisional, en el pleno que se celebrar\u00e1 la pr\u00f3xima semana, <strong>en principio el d\u00eda 28<\/strong>. No hay muchas m\u00e1s fechas para poder cumplir con la obligaci\u00f3n de sacar adelante el documento antes de que finalice el a\u00f1o, aunque todav\u00eda queda por emitir el informe del secretario del Concello, que se espera antes de dicha fecha, as\u00ed como el paso por la Gerencia de Urbanismo.<\/p>\n\n\n\n<p>M\u00e1s llamativo es que el grupo popular contempla un cambio sustancial en su voto, que dejar\u00e1 de ser negativo para pasar a abstenci\u00f3n, se\u00f1alaron los populares. Aunque tampoco puede ser positivo porque las mismas fuentes advirtieron de que el gobierno local no ha contado en absoluto con su parecer en toda la tramitaci\u00f3n y adem\u00e1s no est\u00e1n de acuerdo con muchos aspectos del Plan General.<\/p>\n\n\n\n<p>El BNG, por su parte, todav\u00eda est\u00e1 a la espera de que se cumplan los tr\u00e1mites que restan antes de se\u00f1alar el sentido de su voto. El anterior PGOM, de 2008, sali\u00f3 adelante con 14 votos de PSOE y BNG contra los 13 del PP.<\/p>\n\n\n\n<p>Tras el visto bueno provisional quedar\u00e1 ya solo la recta final, con la verificaci\u00f3n del documento y los informes por parte de la Xunta para su traslado final a la Corporaci\u00f3n para que d\u00e9 v\u00eda libre y en el Plan General pueda entrar en vigor, nueve a\u00f1os despu\u00e9s de la anulaci\u00f3n del anterior por el Tribunal Supremo.<\/p>\n","protected":false},"excerpt":{"rendered":"<p>Atl\u00e1nticoM.B. El PP se prev\u00e9 que se abstenga mientras que el BNG todav\u00eda no ha decidido el sentido de su votoEl grupo&#8230;<\/p>\n","protected":false},"author":2,"featured_media":4500,"comment_status":"open","ping_status":"open","sticky":false,"template":"","format":"standard","meta":[],"categories":[1],"tags":[],"_links":{"self":[{"href":"https:\/\/aproin.com\/index.php\/wp-json\/wp\/v2\/posts\/4545"}],"collection":[{"href":"https:\/\/aproin.com\/index.php\/wp-json\/wp\/v2\/posts"}],"about":[{"href":"https:\/\/aproin.com\/index.php\/wp-json\/wp\/v2\/types\/post"}],"author":[{"embeddable":true,"href":"https:\/\/aproin.com\/index.php\/wp-json\/wp\/v2\/users\/2"}],"replies":[{"embeddable":true,"href":"https:\/\/aproin.com\/index.php\/wp-json\/wp\/v2\/comments?post=4545"}],"version-history":[{"count":1,"href":"https:\/\/aproin.com\/index.php\/wp-json\/wp\/v2\/posts\/4545\/revisions"}],"predecessor-version":[{"id":4546,"href":"https:\/\/aproin.com\/index.php\/wp-json\/wp\/v2\/posts\/4545\/revisions\/4546"}],"wp:featuredmedia":[{"embeddable":true,"href":"https:\/\/aproin.com\/index.php\/wp-json\/wp\/v2\/media\/4500"}],"wp:attachment":[{"href":"https:\/\/aproin.com\/index.php\/wp-json\/wp\/v2\/media?parent=4545"}],"wp:term":[{"taxonomy":"category","embeddable":true,"href":"https:\/\/aproin.com\/index.php\/wp-json\/wp\/v2\/categories?post=4545"},{"taxonomy":"post_tag","embeddable":true,"href":"https:\/\/aproin.com\/index.php\/wp-json\/wp\/v2\/tags?post=4545"}],"curies":[{"name":"wp","href":"https:\/\/api.w.org\/{rel}","templated":true}]}}