{"id":4606,"date":"2023-12-20T10:24:26","date_gmt":"2023-12-20T09:24:26","guid":{"rendered":"https:\/\/aproin.com\/?p=4606"},"modified":"2023-12-20T10:24:30","modified_gmt":"2023-12-20T09:24:30","slug":"plan-general-y-presupuestos-se-aprobaran-en-vigo-en-un-triple-pleno","status":"publish","type":"post","link":"https:\/\/aproin.com\/index.php\/plan-general-y-presupuestos-se-aprobaran-en-vigo-en-un-triple-pleno\/","title":{"rendered":"Plan General y presupuestos se aprobar\u00e1n en Vigo en un triple pleno"},"content":{"rendered":"\n<p>Atl\u00e1ntico<br>M.B.<\/p>\n\n\n\n<p><strong>La Corporaci\u00f3n abordar\u00e1 ambas votaciones adem\u00e1s de la sesi\u00f3n ordinaria del mes en el 28 de diciembre<\/strong><\/p>\n\n\n\n<p>La Corporaci\u00f3n cerrar\u00e1 el a\u00f1o pol\u00edtico el pr\u00f3ximo jueves 28 de diciembre, cuando se llevar\u00e1 a cabo un triple pleno que abordar\u00e1 la aprobaci\u00f3n del Plan General de Ordenaci\u00f3n Municipal (PGOM), de los presupuestos para el pr\u00f3ximo a\u00f1o, adem\u00e1s de la convocatoria ordinaria del mes.<\/p>\n\n\n\n<p>El PGOM, pieza fundamental en el desarrollo urbano de Vigo, <strong>ser\u00e1 sometido a votaci\u00f3n para su aprobaci\u00f3n provisional.<\/strong> El alcalde Abel Caballero asegur\u00f3 que el nuevo Plan ser\u00e1 \u201ccoherente, acorde con la ciudad y libre de especulaci\u00f3n urban\u00edstica\u201d. Caballero destac\u00f3 que el PGOM incorporar\u00e1 medidas para incrementar el verde en Vigo, as\u00ed como la creaci\u00f3n de m\u00e1s espacios deportivos, \u00e1reas culturales, dotaciones y espacios destinados a escuelas de m\u00fasica. \u201cVigo tendr\u00e1 un nuevo Plan que refleja nuestras aspiraciones y necesidades como comunidad\u201d, afirm\u00f3 el alcalde.<\/p>\n\n\n\n<p>En la misma jornada, se proceder\u00e1 a la <strong>aprobaci\u00f3n definitiva de los presupuestos para el pr\u00f3ximo a\u00f1o. <\/strong>El alcalde anticip\u00f3 un \u201caumento important\u00edsimo\u201d en los recursos destinados a la ciudad, enfoc\u00e1ndose en fortalecer la pol\u00edtica social, incrementar las inversiones, ampliar el apoyo al deporte y la cultura, as\u00ed como fomentar la creaci\u00f3n de empleo. Las cuentas municipales de 316 millones de euros fueron aprobadas provisionalmente en noviembre por el grupo socialista con el rechazo de la oposici\u00f3n. En esta ocasi\u00f3n, el PP de Vigo ya avanz\u00f3 que cambiar\u00e1 su voto a la abstenci\u00f3n.<\/p>\n\n\n\n<p>Por su parte, <strong>el BNG pidi\u00f3 abrir el pleno de aprobaci\u00f3n provisional del PGOM a toda la ciudadan\u00eda.<\/strong> Los nacionalistas propusieron que se celebre a partir de las 20 horas en el Auditorio Municipal, con turnos de intervenci\u00f3n y r\u00e9plica ampliadas, para permitir la mayor asistencia de vigueses al debate de un documento que calificaron de \u201ccentral\u201d en el futuro de la ciudad y que va a dictaminar el resultado de las 4.502 alegaciones formuladas por vecinos y colectivos.<\/p>\n\n\n\n<p>\u201cEl BNG no queremos un pleno rutinario, que se prev\u00e9 celebrar junto a otros dos en una misma ma\u00f1ana\u201d, valor\u00f3 el portavoz municipal del BNG de Vigo, Xabier P. Igrexas, que consider\u00f3 que los vecinos \u201cmerecen tener derecho\u201d a conocer los argumentos que fundamentan el voto de las diferentes fuerzas pol\u00edticas sobre el nuevo Plan. Sobre la sesi\u00f3n, Igrexas solicit\u00f3 tambi\u00e9n que se habiliten intervenciones de m\u00ednimo 10 minutos, y un segundo turno de r\u00e9plicas.<\/p>\n","protected":false},"excerpt":{"rendered":"<p>Atl\u00e1nticoM.B. La Corporaci\u00f3n abordar\u00e1 ambas votaciones adem\u00e1s de la sesi\u00f3n ordinaria del mes en el 28 de diciembre La Corporaci\u00f3n cerrar\u00e1 el&#8230;<\/p>\n","protected":false},"author":2,"featured_media":2790,"comment_status":"open","ping_status":"open","sticky":false,"template":"","format":"standard","meta":[],"categories":[1],"tags":[],"_links":{"self":[{"href":"https:\/\/aproin.com\/index.php\/wp-json\/wp\/v2\/posts\/4606"}],"collection":[{"href":"https:\/\/aproin.com\/index.php\/wp-json\/wp\/v2\/posts"}],"about":[{"href":"https:\/\/aproin.com\/index.php\/wp-json\/wp\/v2\/types\/post"}],"author":[{"embeddable":true,"href":"https:\/\/aproin.com\/index.php\/wp-json\/wp\/v2\/users\/2"}],"replies":[{"embeddable":true,"href":"https:\/\/aproin.com\/index.php\/wp-json\/wp\/v2\/comments?post=4606"}],"version-history":[{"count":1,"href":"https:\/\/aproin.com\/index.php\/wp-json\/wp\/v2\/posts\/4606\/revisions"}],"predecessor-version":[{"id":4607,"href":"https:\/\/aproin.com\/index.php\/wp-json\/wp\/v2\/posts\/4606\/revisions\/4607"}],"wp:featuredmedia":[{"embeddable":true,"href":"https:\/\/aproin.com\/index.php\/wp-json\/wp\/v2\/media\/2790"}],"wp:attachment":[{"href":"https:\/\/aproin.com\/index.php\/wp-json\/wp\/v2\/media?parent=4606"}],"wp:term":[{"taxonomy":"category","embeddable":true,"href":"https:\/\/aproin.com\/index.php\/wp-json\/wp\/v2\/categories?post=4606"},{"taxonomy":"post_tag","embeddable":true,"href":"https:\/\/aproin.com\/index.php\/wp-json\/wp\/v2\/tags?post=4606"}],"curies":[{"name":"wp","href":"https:\/\/api.w.org\/{rel}","templated":true}]}}