{"id":4630,"date":"2023-12-21T09:40:45","date_gmt":"2023-12-21T08:40:45","guid":{"rendered":"https:\/\/aproin.com\/?p=4630"},"modified":"2023-12-21T09:40:50","modified_gmt":"2023-12-21T08:40:50","slug":"luz-verde-en-nigran-para-aprobar-oficialmente-el-pgom","status":"publish","type":"post","link":"https:\/\/aproin.com\/index.php\/luz-verde-en-nigran-para-aprobar-oficialmente-el-pgom\/","title":{"rendered":"Luz verde en Nigr\u00e1n para aprobar oficialmente el PGOM"},"content":{"rendered":"\n<p><br>Sa\u00fal Cruz \/ A.D.<\/p>\n\n\n\n<p><strong>La Conseller\u00eda de Medio Ambiente, Territorio y Vivienda notific\u00f3 al Concello su visto bueno tras un plan \u201cambientalmente viable\u201d; la decisi\u00f3n se alarg\u00f3 durante diez a\u00f1os<\/strong><\/p>\n\n\n\n<p>El Concello de Nigr\u00e1n ya est\u00e1 oficialmente autorizado para poder aprobar provisionalmente el PGOM. La Conseller\u00eda de Medio Ambiente, Territorio y Vivienda abri\u00f3 el lunes esa puerta al notificar que el plan es <strong>\u201cambientalmente viable\u201d<\/strong> tras ser estudiado durante los pasados meses la memoria de sostenibilidad. Atr\u00e1s quedan diez a\u00f1os para conseguir la totalidad de los 26 informes sectoriales favorables, siendo especialmente laborioso el de la Axencia Galega de Infraestructuras, al eliminar el gobierno local el vial que part\u00eda Nigr\u00e1n desde A Xunqueira hasta Sai\u00e1ns o tener equilibrado la desigualdad urban\u00edstica entre la costa y las parroquias.<\/p>\n\n\n\n<p>Tal y como la propia notificaci\u00f3n recoge, la superficie que destina el PGOM al sistema de espacios libres o zonas verdes es de 403.186 metros cuadrados, de los cu\u00e1les 181.384 corresponden a la superficie que se preve\u00eda obtener. A equipamientos se destina 277.034 metros cuadrados, 5.758 para nueva vivienda y no se contempla nuevas \u00e1reas empresariales.<\/p>\n\n\n\n<p><strong>\u201cEs la mejor noticia posible para cerrar el a\u00f1o,<\/strong> ahora s\u00ed que podemos garantizar que en el 2024 Nigr\u00e1n ser\u00e1 uno de los pocos municipios de Galicia en contar con un PGOM aprobado\u201d, se\u00f1ala el alcalde, Juan Gonz\u00e1lez, quien considera la actual realidad un \u201checho hist\u00f3rico\u201d tras a\u00f1os de trabajo, reuniones t\u00e9cnicas y pol\u00edticas: \u201cEsto es fruto de la cautela y el consenso entre las dos administraciones implicadas, Xunta y Concello, para no vender promesas ni humos, y aqu\u00ed tenemos un resultado\u201d. Ahora, tras tener presentado en todas las parroquias el PGOM, el equipo redactor corrigir\u00e1 los errores detectados y lo refundir\u00e1 en un \u00fanico texto para llevarlo a Pleno para su aprobaci\u00f3n provisional.<\/p>\n\n\n\n<p>Su aprobaci\u00f3n se demor\u00f3 diez a\u00f1os. A finales del 2010, el Concello de Nigr\u00e1n inici\u00f3 su tramitaci\u00f3n con el objetivo de dar relevo a las normas subsidiarias de planteamiento que rigen desde 1991 y que fueron modificadas puntualmente, la \u00faltima hace tres a\u00f1os por el actual gobierno. En esta fase de exposici\u00f3n p\u00fablica, la ciudadan\u00eda formul\u00f3 405 sugerencias. A continuaci\u00f3n, la aprobaci\u00f3n inicial se produjo el 14 de junio del 2013 y en su tr\u00e1mite se recogieron 1.397 alegaciones respondidas una a una: \u201cDesde 2013 el trabajo no ces\u00f3 en absoluto, todo lo contrario. No llegamos a este momento de la nada\u201d, asegur\u00f3 Gonz\u00e1lez.<\/p>\n","protected":false},"excerpt":{"rendered":"<p>Sa\u00fal Cruz \/ A.D. La Conseller\u00eda de Medio Ambiente, Territorio y Vivienda notific\u00f3 al Concello su visto bueno tras un plan \u201cambientalmente&#8230;<\/p>\n","protected":false},"author":2,"featured_media":4631,"comment_status":"open","ping_status":"open","sticky":false,"template":"","format":"standard","meta":[],"categories":[1],"tags":[],"_links":{"self":[{"href":"https:\/\/aproin.com\/index.php\/wp-json\/wp\/v2\/posts\/4630"}],"collection":[{"href":"https:\/\/aproin.com\/index.php\/wp-json\/wp\/v2\/posts"}],"about":[{"href":"https:\/\/aproin.com\/index.php\/wp-json\/wp\/v2\/types\/post"}],"author":[{"embeddable":true,"href":"https:\/\/aproin.com\/index.php\/wp-json\/wp\/v2\/users\/2"}],"replies":[{"embeddable":true,"href":"https:\/\/aproin.com\/index.php\/wp-json\/wp\/v2\/comments?post=4630"}],"version-history":[{"count":1,"href":"https:\/\/aproin.com\/index.php\/wp-json\/wp\/v2\/posts\/4630\/revisions"}],"predecessor-version":[{"id":4632,"href":"https:\/\/aproin.com\/index.php\/wp-json\/wp\/v2\/posts\/4630\/revisions\/4632"}],"wp:featuredmedia":[{"embeddable":true,"href":"https:\/\/aproin.com\/index.php\/wp-json\/wp\/v2\/media\/4631"}],"wp:attachment":[{"href":"https:\/\/aproin.com\/index.php\/wp-json\/wp\/v2\/media?parent=4630"}],"wp:term":[{"taxonomy":"category","embeddable":true,"href":"https:\/\/aproin.com\/index.php\/wp-json\/wp\/v2\/categories?post=4630"},{"taxonomy":"post_tag","embeddable":true,"href":"https:\/\/aproin.com\/index.php\/wp-json\/wp\/v2\/tags?post=4630"}],"curies":[{"name":"wp","href":"https:\/\/api.w.org\/{rel}","templated":true}]}}