{"id":4648,"date":"2023-12-29T09:17:34","date_gmt":"2023-12-29T08:17:34","guid":{"rendered":"https:\/\/aproin.com\/?p=4648"},"modified":"2023-12-29T09:17:38","modified_gmt":"2023-12-29T08:17:38","slug":"vigo-acaba-el-ano-con-el-alquiler-mas-alto-de-galicia","status":"publish","type":"post","link":"https:\/\/aproin.com\/index.php\/vigo-acaba-el-ano-con-el-alquiler-mas-alto-de-galicia\/","title":{"rendered":"Vigo acaba el a\u00f1o con el alquiler m\u00e1s alto de Galicia"},"content":{"rendered":"\n<p>Atl\u00e1ntico<\/p>\n\n\n\n<p><strong>Aunque subi\u00f3 menos que la media gallega, el arrendamiento de un piso se coloca a 9,4 euros el metro cuadrado<\/strong><br>El precio de las viviendas en alquiler en Galicia subi\u00f3 un 8% en el \u00faltimo a\u00f1o hasta alcanzar los 8,1 euros\/m2, si bien Vigo habr\u00eda tenido un ascenso m\u00e1s moderado que el promedio gallego. No obstante, el arrendamiento cierra 2023 como el m\u00e1s caro de Galicia por las causas ya conocidas: cada vez m\u00e1s menos oferta al dedicarse un millar de pisos a usos tur\u00edsticos. En el \u00faltimo trimestre el precio creci\u00f3 un 2,7%. Seg\u00fan el informe del portal especializado Idealista, los precios subieron en todas las provincias gallegas, siendo Ourense donde m\u00e1s han crecido (10%).<\/p>\n\n\n\n<p>Les siguen las provincias de A Coru\u00f1a (8,1%), Lugo (7,9%) y Pontevedra (7,4%). Lugo se mantiene como la provincia m\u00e1s barata de Galicia con el metro cuadrado a 6,2 euros mensuales, seguida de Ourense (6,8 euros\/m2). La m\u00e1s cara es Pontevedra (9 euros\/m2), seguida por A Coru\u00f1a, con 8 euros\/m2. Los precios se han comportado de manera alcista entre las capitales gallegas durante el \u00faltimo a\u00f1o. Encabeza las subidas Ourense (8,5%), el mismo porcentaje que Santiago. En Lugo la subida es del 7,8%, en Pontevedra del 7,2% y en A Coru\u00f1a del 6,5%. En Vigo, en cambio, los precios se encarecieron menos, solo un 3,4%. Pero Vigo y A Coru\u00f1a son las ciudades gallegas m\u00e1s exclusivas, con 9,4 euros\/m2, por delante de Santiago (8,9 euros\/m2) y Pontevedra (8 euros\/m2).<\/p>\n\n\n\n<p><strong>Lugo es la capital m\u00e1s econ\u00f3mica (6,6 euros\/m2)<\/strong> seguida de Ourense (7,1 euros\/m2). En palabras de Francisco I\u00f1areta, portavoz de Idealista, \u201c2023 ha sido un mal a\u00f1o para las personas que buscaron una casa de alquiler. La oferta sigue evapor\u00e1ndose sin visos de que en 2024 vaya a aumentar y los precios marcan sus m\u00e1ximos hist\u00f3ricos&#8221;, se\u00f1ala. En su opini\u00f3n, las causas ser\u00edan las constantes medidas regulatorias y su culminaci\u00f3n con la ley de vivienda provocaron el cataclismo actual: la desaparici\u00f3n del inversor en vivienda de alquiler y una retirada significativa de propietarios que han decidido no continuar alquilando sus casas a la vista de la inestabilidad regulatoria y de ser considerados el problema. Muchos de los propietarios en el mercado est\u00e1n optando por el alquiler de temporada.<\/p>\n\n\n\n<p>\u201cLas medidas adoptadas para reducir precios y proteger a las familias m\u00e1s vulnerables han provocado justo lo contrario: <strong>la oferta es m\u00e1s reducida que nunca, los precios en m\u00e1ximos y los inquilinos m\u00e1s vulnerable\u201d.<\/strong><\/p>\n","protected":false},"excerpt":{"rendered":"<p>Atl\u00e1ntico Aunque subi\u00f3 menos que la media gallega, el arrendamiento de un piso se coloca a 9,4 euros el metro cuadradoEl precio&#8230;<\/p>\n","protected":false},"author":2,"featured_media":4518,"comment_status":"open","ping_status":"open","sticky":false,"template":"","format":"standard","meta":[],"categories":[1],"tags":[],"_links":{"self":[{"href":"https:\/\/aproin.com\/index.php\/wp-json\/wp\/v2\/posts\/4648"}],"collection":[{"href":"https:\/\/aproin.com\/index.php\/wp-json\/wp\/v2\/posts"}],"about":[{"href":"https:\/\/aproin.com\/index.php\/wp-json\/wp\/v2\/types\/post"}],"author":[{"embeddable":true,"href":"https:\/\/aproin.com\/index.php\/wp-json\/wp\/v2\/users\/2"}],"replies":[{"embeddable":true,"href":"https:\/\/aproin.com\/index.php\/wp-json\/wp\/v2\/comments?post=4648"}],"version-history":[{"count":1,"href":"https:\/\/aproin.com\/index.php\/wp-json\/wp\/v2\/posts\/4648\/revisions"}],"predecessor-version":[{"id":4649,"href":"https:\/\/aproin.com\/index.php\/wp-json\/wp\/v2\/posts\/4648\/revisions\/4649"}],"wp:featuredmedia":[{"embeddable":true,"href":"https:\/\/aproin.com\/index.php\/wp-json\/wp\/v2\/media\/4518"}],"wp:attachment":[{"href":"https:\/\/aproin.com\/index.php\/wp-json\/wp\/v2\/media?parent=4648"}],"wp:term":[{"taxonomy":"category","embeddable":true,"href":"https:\/\/aproin.com\/index.php\/wp-json\/wp\/v2\/categories?post=4648"},{"taxonomy":"post_tag","embeddable":true,"href":"https:\/\/aproin.com\/index.php\/wp-json\/wp\/v2\/tags?post=4648"}],"curies":[{"name":"wp","href":"https:\/\/api.w.org\/{rel}","templated":true}]}}