{"id":4650,"date":"2023-12-29T09:27:47","date_gmt":"2023-12-29T08:27:47","guid":{"rendered":"https:\/\/aproin.com\/?p=4650"},"modified":"2023-12-29T09:27:51","modified_gmt":"2023-12-29T08:27:51","slug":"aprobado-provisionalmente-el-nuevo-plan-xeral-de-vigo","status":"publish","type":"post","link":"https:\/\/aproin.com\/index.php\/aprobado-provisionalmente-el-nuevo-plan-xeral-de-vigo\/","title":{"rendered":"Aprobado provisionalmente el nuevo Plan Xeral de Vigo"},"content":{"rendered":"\n<p><br><strong>El documento que sustituye al de 2008 anulado hace ocho a\u00f1os sale adelante pese a la abstenci\u00f3n del PP y el voto en contra del BNG<\/strong><br>V\u00edctor P. Curr\u00e1s |Faro de Vigo<\/p>\n\n\n\n<p>Fin a un laberinto burocr\u00e1tico que ha tenido paralizado el urbanismo de Vigo durante casi una d\u00e9cada. El pleno municipal ha aprobado de manera provisional este jueves 28 de diciembre el nuevo Plan Xeral de Ordenaci\u00f3n Municipal con 17 votos a favor del grupo socialista, la abstenci\u00f3n de los cinco concejales del PP y el voto en contra de los tres ediles del BNG.<\/p>\n\n\n\n<p>El gobierno local cumple as\u00ed su objetivo de tenerlo listo antes de que finalizara el a\u00f1o despu\u00e9s de lograr este verano los informes vinculantes que faltaban por parte de la Direcci\u00f3n Xeral de Patrimonio.<\/p>\n\n\n\n<p>El nuevo Plan Xeral, que a\u00fan tendr\u00e1 que ser aprobado de forma definitiva dentro de seis meses para su entrada en vigor definitiva. En \u00e9l se proyecta la construcci\u00f3n de m\u00e1s de 50.000 nuevas viviendas, de las que el 37% contar\u00e1 con alg\u00fan tipo de protecci\u00f3n p\u00fablica, y m\u00e1s de un mill\u00f3n de metros cuadrados de nuevas zonas verdes.<\/p>\n\n\n\n<p><strong>lectura completa solo para suscriptores &#8230;<\/strong><\/p>\n","protected":false},"excerpt":{"rendered":"<p>El documento que sustituye al de 2008 anulado hace ocho a\u00f1os sale adelante pese a la abstenci\u00f3n del PP y el voto&#8230;<\/p>\n","protected":false},"author":2,"featured_media":4322,"comment_status":"open","ping_status":"open","sticky":false,"template":"","format":"standard","meta":[],"categories":[1],"tags":[],"_links":{"self":[{"href":"https:\/\/aproin.com\/index.php\/wp-json\/wp\/v2\/posts\/4650"}],"collection":[{"href":"https:\/\/aproin.com\/index.php\/wp-json\/wp\/v2\/posts"}],"about":[{"href":"https:\/\/aproin.com\/index.php\/wp-json\/wp\/v2\/types\/post"}],"author":[{"embeddable":true,"href":"https:\/\/aproin.com\/index.php\/wp-json\/wp\/v2\/users\/2"}],"replies":[{"embeddable":true,"href":"https:\/\/aproin.com\/index.php\/wp-json\/wp\/v2\/comments?post=4650"}],"version-history":[{"count":1,"href":"https:\/\/aproin.com\/index.php\/wp-json\/wp\/v2\/posts\/4650\/revisions"}],"predecessor-version":[{"id":4651,"href":"https:\/\/aproin.com\/index.php\/wp-json\/wp\/v2\/posts\/4650\/revisions\/4651"}],"wp:featuredmedia":[{"embeddable":true,"href":"https:\/\/aproin.com\/index.php\/wp-json\/wp\/v2\/media\/4322"}],"wp:attachment":[{"href":"https:\/\/aproin.com\/index.php\/wp-json\/wp\/v2\/media?parent=4650"}],"wp:term":[{"taxonomy":"category","embeddable":true,"href":"https:\/\/aproin.com\/index.php\/wp-json\/wp\/v2\/categories?post=4650"},{"taxonomy":"post_tag","embeddable":true,"href":"https:\/\/aproin.com\/index.php\/wp-json\/wp\/v2\/tags?post=4650"}],"curies":[{"name":"wp","href":"https:\/\/api.w.org\/{rel}","templated":true}]}}