{"id":4785,"date":"2024-04-03T10:16:40","date_gmt":"2024-04-03T08:16:40","guid":{"rendered":"https:\/\/aproin.com\/?p=4785"},"modified":"2024-04-03T10:16:42","modified_gmt":"2024-04-03T08:16:42","slug":"aproin-otorga-sus-premios-a-los-edificios-mas-bellos-sostenibles-y-habitables-de-vigo","status":"publish","type":"post","link":"https:\/\/aproin.com\/index.php\/aproin-otorga-sus-premios-a-los-edificios-mas-bellos-sostenibles-y-habitables-de-vigo\/","title":{"rendered":"Aproin otorga sus premios a los edificios m\u00e1s \u00abbellos, sostenibles y habitables\u00bb de Vigo"},"content":{"rendered":"\n<p><br><br>La Asociaci\u00f3n de Promotores Inmobiliarios de Pontevedra entregar\u00e1 los galardones el pr\u00f3ximo 7 de marzo en una gala que estar\u00e1 presidida por el presidente de la Xunta.<br>Redacci\u00f3n vigo\u00e9<\/p>\n\n\n\n<p>La Asociaci\u00f3n de Promotores Inmobiliarios de Pontevedra (Aproin) ha otorgado los XXVIII premios a los mejores edificios construidos en 2022 y 2023 en la provincia de Pontevedra, siendo cinco de los seis premiados obras realizadas en la ciudad de Vigo.<\/p>\n\n\n\n<p>El objetivo de los premios Aproin a lo largo de sus 28 a\u00f1os de historia es el de \u00abponer en valor la promoci\u00f3n inmobiliaria de calidad, reconociendo los proyectos y ejecuciones de construcci\u00f3n mejor desarrollados durante cada a\u00f1o en la provincia de Pontevedra\u00bb.<\/p>\n\n\n\n<p>En su nota de prensa, la asociaci\u00f3n ha remarcado que \u00abla huella de la crisis que estamos viviendo estos \u00faltimos meses, hace a\u00fan m\u00e1s relevante el celebrar y dar a conocer los trabajos que puedan servir de modelo para hacer m\u00e1s bello, sostenible y habitable el entorno en el que vivimos\u00bb.<\/p>\n\n\n\n<p>\u00abAfortunadamente sigue habiendo excelentes profesionales que se han fijado como objetivo trabajar creando espacios agradables, armoniosos e integradores, como los correspondientes a esta edici\u00f3n\u00bb, se\u00f1alan.<\/p>\n\n\n\n<p>Tras analizar las propuestas presentadas, despu\u00e9s de las pertinentes visitas a las promociones, del an\u00e1lisis de la documentaci\u00f3n aportada y las oportunas deliberaciones, el jurado ha escogido este a\u00f1o como <strong>Premio Aproin 2022 a la mejor actuaci\u00f3n inmobiliaria residencial a Amma Promoci\u00f3n, S.L. por la construcci\u00f3n de este nuevo edificio, emplazado en la calle Sanjurjo Bad\u00eda n\u00ba 62-64 de Vigo.<\/strong><\/p>\n\n\n\n<p>La empresa constructora encargada de llevar a cabo la ejecuci\u00f3n de las obras fue Abeconsa, proyecto de los arquitectos Jorge Gonz\u00e1lez Herrero y Jos\u00e9 Melero Curras del estudio <strong>OPV Arquitectura y Urbanismo.<\/strong><br><br>En el apartado de <strong>mejor obra no residencial, el Premio Aproin 2022 es para la empresa Getting Back Stones, S.L. por el acondicionamiento del Palacio de la Oliva, joya de la arquitectura viguesa situada en pleno Casco Vello, casa palacio del antiguo Marqu\u00e9s de Valladares. <\/strong>La empresa constructora encargada de la ejecuci\u00f3n de las obras fue Desarrolla Obras y Proyectos, siendo los arquitectos encargados de la redacci\u00f3n de la obra Villac\u00e9 y Comingues, y el arquitecto director de la obra, Pedro de la Puente Crespo.<br><br>Y en el apartado de <strong>mejor rehabilitaci\u00f3n, el Premio es para la empresa promotora Inversiones Vigo Confort, S.L., por este edificio situado en el coraz\u00f3n de la ciudad ol\u00edvica.<\/strong> Los arquitectos encargados de la obra fueron Jorge Gonz\u00e1lez Herrero y Jos\u00e9 Melero Curras del estudio OPV Arquitectura y Urbanismo.<\/p>\n\n\n\n<p><strong>Premios del a\u00f1o 2023<\/strong><br>Los correspondientes al a\u00f1o 2023 fueron, como <strong>mejor actuaci\u00f3n inmobiliaria residencial para Luzviprom, S.L., por la construcci\u00f3n de este nuevo edificio, emplazado en la calle Pi y Margall n\u00ba 18 de Vigo.<\/strong> La empresa constructora encargada de llevar a cabo la ejecuci\u00f3n de las obras fue Civisglogal, siendo los arquitectos encargados del proyecto Alberto Quint\u00e1ns y Cristina Ansede de Ansede Quint\u00e1ns Arquitectos.<\/p>\n\n\n\n<p>El edificio est\u00e1 muy cerca de las inmediaciones del Barrio del Cura y posee unas cualidades arquitect\u00f3nicas, t\u00e9cnicas y constructivas impecables para este tipo de promoci\u00f3n, ha fallado el jurado.<br><br>En el apartado de <strong>mejor rehabilitaci\u00f3n, el Premio es para la empresa Xesta\/Olloqui3 S.C.G., por esta singular restauraci\u00f3n situada en la calle Garc\u00eda Olloqui, obra originaria del arquitecto Jenaro de la Fuente.<\/strong> La empresa constructora que llev\u00f3 a cabo el proceso fue Oreco Balg\u00f3n, y el arquitecto Pablo Men\u00e9ndez Paz de Mam Arquitectos.<br><br>Y en el apartado de <strong>mejor obra no residencial, el premio es para el Proyecto empresarial Singular Pemos 18, impulsado por la Asociaci\u00f3n de empresarios de Mos (AEMOS), y situado en el Pol\u00edgono Empresarial A Veigada\u00f1a, en Mos,<\/strong> proyecto redactado por el ingeniero t\u00e9cnico industrial Jos\u00e9 Manuel Fouces, y llevado a cabo por Construciones Porlan, S.L.<br><br>Los an\u00e1lisis de todas las edificaciones y los premios finales, han sido decididos por el jurado integrado por Luis Espada Recarey (presidente) y los vocales Javier de la Puente Crespo (ingeniero industrial), Javier Rivas Barros (arquitecto), Rub\u00e9n Inchaurraga Ruiz (arquitecto) y Antonio Carballo Cou\u00f1ago (arquitecto t\u00e9cnico).<\/p>\n\n\n\n<p>Los premios ser\u00e1n entregados el pr\u00f3ximo 7 de marzo, a las 19.30 horas, en el C\u00edrculo de Empresarios de Galicia, en Vigo. El presidente de la Xunta, Alfonso Rueda, ser\u00e1 el encargado de entregar las distinciones.<\/p>\n","protected":false},"excerpt":{"rendered":"<p>La Asociaci\u00f3n de Promotores Inmobiliarios de Pontevedra entregar\u00e1 los galardones el pr\u00f3ximo 7 de marzo en una gala que estar\u00e1 presidida por&#8230;<\/p>\n","protected":false},"author":2,"featured_media":4786,"comment_status":"open","ping_status":"open","sticky":false,"template":"","format":"standard","meta":[],"categories":[1],"tags":[],"_links":{"self":[{"href":"https:\/\/aproin.com\/index.php\/wp-json\/wp\/v2\/posts\/4785"}],"collection":[{"href":"https:\/\/aproin.com\/index.php\/wp-json\/wp\/v2\/posts"}],"about":[{"href":"https:\/\/aproin.com\/index.php\/wp-json\/wp\/v2\/types\/post"}],"author":[{"embeddable":true,"href":"https:\/\/aproin.com\/index.php\/wp-json\/wp\/v2\/users\/2"}],"replies":[{"embeddable":true,"href":"https:\/\/aproin.com\/index.php\/wp-json\/wp\/v2\/comments?post=4785"}],"version-history":[{"count":1,"href":"https:\/\/aproin.com\/index.php\/wp-json\/wp\/v2\/posts\/4785\/revisions"}],"predecessor-version":[{"id":4787,"href":"https:\/\/aproin.com\/index.php\/wp-json\/wp\/v2\/posts\/4785\/revisions\/4787"}],"wp:featuredmedia":[{"embeddable":true,"href":"https:\/\/aproin.com\/index.php\/wp-json\/wp\/v2\/media\/4786"}],"wp:attachment":[{"href":"https:\/\/aproin.com\/index.php\/wp-json\/wp\/v2\/media?parent=4785"}],"wp:term":[{"taxonomy":"category","embeddable":true,"href":"https:\/\/aproin.com\/index.php\/wp-json\/wp\/v2\/categories?post=4785"},{"taxonomy":"post_tag","embeddable":true,"href":"https:\/\/aproin.com\/index.php\/wp-json\/wp\/v2\/tags?post=4785"}],"curies":[{"name":"wp","href":"https:\/\/api.w.org\/{rel}","templated":true}]}}