{"id":4959,"date":"2024-09-20T13:06:48","date_gmt":"2024-09-20T11:06:48","guid":{"rendered":"https:\/\/aproin.com\/?p=4959"},"modified":"2024-09-20T13:06:48","modified_gmt":"2024-09-20T11:06:48","slug":"el-nuevo-plan-xeral-de-vigo-cada-vez-mas-cerca-tras-la-aprobacion-de-la-xunta","status":"publish","type":"post","link":"https:\/\/aproin.com\/index.php\/el-nuevo-plan-xeral-de-vigo-cada-vez-mas-cerca-tras-la-aprobacion-de-la-xunta\/","title":{"rendered":"El nuevo Plan Xeral de Vigo, cada vez m\u00e1s cerca tras la aprobaci\u00f3n de la Xunta"},"content":{"rendered":"\n<p><strong>El nuevo Plan Xeral de Vigo, cada vez m\u00e1s cerca tras la aprobaci\u00f3n de la Xunta<\/strong><br><br>Atl\u00e1ntico<\/p>\n\n\n\n<p><strong>El Gobierno gallego valid\u00f3 el nuevo PGOM, seg\u00fan anunci\u00f3 en Vigo la conselleira de Infraestructuras<\/strong>. La aprobaci\u00f3n definitiva ser\u00e1 del pleno del Concello, pero antes deber\u00e1 tener el dictamen favorable de Costas. El nuevo planeamiento urban\u00edstico permitir\u00e1 transfomar la Plaza de Espa\u00f1a, el Vigo Arena o el gran parque del Lagares, entre otros<\/p>\n\n\n\n<p><strong>La Xunta, como hab\u00eda adelantado la pasada semana en Navia la conselleira de Vivienda y Planificaci\u00f3n de Infraestructuras, Mar\u00eda Mart\u00ednez Allegue, ha dado por terminada su participaci\u00f3n en la tramitaci\u00f3n del Plan General de Ordenaci\u00f3n Municipal (PGOM) de Vigo con su informe final favorable<\/strong>, por lo que ya solo queda su aprobaci\u00f3n definitiva por el pleno municipal. El Gobierno gallego valida en su totalidad el contenido del Plan, que podr\u00e1 entrar en vigor una vez lo valide definitivamente la Corporaci\u00f3n municipal, donde el voto del PSOE garantiza que as\u00ed ser\u00e1. El PGOM de 2008 fue anulado por el Tribunal Supremo en noviembre de 2015, as\u00ed que han sido necesarios nueve a\u00f1os para que Vigo pueda tener un plan urban\u00edstico actualizado. Desde entonces, est\u00e1 en vigor el de 1993, obsoleto por completo.<\/p>\n\n\n\n<p>La decisi\u00f3n del Ejecutivo auton\u00f3mico la anunci\u00f3 ayer la propia conselleira en su intervenci\u00f3n en la tribuna del C\u00edrculo de Empresarios de Galicia, bajo el lema \u201cConstruyendo a Galicia del futuro, m\u00e1s humana y mejor conectada\u201d. Subray\u00f3 la importancia de este paso, pues el PGOM es el instrumento que dota de seguridad jur\u00eddica el desarrollo urban\u00edstico de la ciudad. La Xunta desde el principio se mostr\u00f3 a favor de agilizar la tramitaci\u00f3n, que todav\u00eda est\u00e1 pendiente de un \u00faltimo episodio: tiene el Concello que conseguir un informe positivo de la Direcci\u00f3n de Costas del Estado a la totalidad del Plan.<\/p>\n\n\n\n<p>En lo que se refiere a la vivienda, se refiri\u00f3 a Vigo como <strong>la ciudad en la que la Xunta est\u00e1 desarrollando m\u00e1s vivienda p\u00fablica y en la que hay m\u00e1s inscritos en el Registro \u00danico de Demandantes<\/strong>, 5.735 concretamente. Record\u00f3 que tan solo en Navia el Gobierno gallego prev\u00e9 1.600 viviendas protegidas y la Estrategia de desarrollo de suelo residencial permitir\u00eda en el \u00e1rea de Vigo la construcci\u00f3n de 9.000 viviendas m\u00e1s, 7.000 de ellas protegidas. Hizo hincapi\u00e9 en el reto de la Xunta de duplicar el parque p\u00fablico de vivienda en esta legislatura, hasta llegar a las 8.000 viviendas. La conselleira destac\u00f3 que el departamento que dirige contin\u00faa avanzando en el impulso de actuaciones en el \u00e1mbito de las carreteras y de la vivienda en la comunidad aut\u00f3noma. En este sentido, subray\u00f3 que la Conseller\u00eda de Vivienda tiene actualmente licitaciones en curso por un importe que supera los 138 millones.<br>rios.<br><strong>La conselleira tambi\u00e9n anunci\u00f3 que la Xunta va a colaborar en la construcci\u00f3n del t\u00fanel de Elduayen<\/strong>, que se qued\u00f3 a medias. Concret\u00f3 que el Gobierno gallego est\u00e1 dispuesto a participar en la financiaci\u00f3n, tras solicitarlo Abel Caballero esta misma semana. As\u00ed, detall\u00f3 que se introducir\u00eda una partida para esta actuaci\u00f3n en los Presupuestos para el a\u00f1o 2025, si el Ayuntamiento tambi\u00e9n lo hace. Precis\u00f3 que se destinar\u00e1 a esta intervenci\u00f3n en Vigo el mismo porcentaje de financiaci\u00f3n que se dirigi\u00f3 al t\u00fanel del Parrote en A Coru\u00f1a. Abordar\u00e1 este proyecto con el Ayuntamiento de Vigo en la pr\u00f3xima reuni\u00f3n de la Comisi\u00f3n mixta de Infraestructuras.<\/p>\n\n\n\n<p><strong>Permitir\u00e1 transformar Plaza de Espa\u00f1a, el Vigo Arena o reactivar la construcci\u00f3n<\/strong><br>El nuevo PGOM tiene como objetivo definir el urbanismo de la ciudad durante los pr\u00f3ximos 25 a\u00f1os a trav\u00e9s de una serie de actuaciones clave. Entre ellas, permitir\u00e1 acometer la transformaci\u00f3n de la Plaza de Espa\u00f1a. El plan del Concello contempla desplazar el tr\u00e1fico a su circunvalaci\u00f3n exterior para poder acometer su peatonalizaci\u00f3n sin tener que construir nuevos t\u00faneles para soterrar toda la circulaci\u00f3n de veh\u00edculos, lo que dar\u00eda mayor viabilidad al proyecto.<\/p>\n\n\n\n<p>El nuevo plan tambi\u00e9n permitir\u00e1 integrar la AP9 en la ciudad, una actuaci\u00f3n que busca mejorar la accesibilidad entre ambos lados de la autopista, proporcionar nuevos espacios libres a los vecinos y reducir los niveles de ruido en el entorno de Teis<\/p>\n\n\n\n<p>Las dotaciones y equipamientos para el \u00e1rea se incrementar\u00e1n en m\u00e1s de un 50%, lo que permitir\u00e1 duplicar las instalaciones deportivas que facilitar\u00e1 la construcci\u00f3n de nuevos pabellones deportivos, escuelas de m\u00fasica en Oia o Bembrive as\u00ed como del Vigo Arena, un nuevo espacio para la celebraci\u00f3n de grandes eventos con capacidad para 17.500 espectadores situado en la Avenida de Europa.<\/p>\n\n\n\n<p>El nuevo planeamiento prev\u00e9 un crecimiento del suelo residencial con la construcci\u00f3n de 51.000 viviendas, frente a las 150.000 que preve\u00eda el de 2008, y que planifica que el 37% del suelo a desarrollar ir\u00e1 a viviendas en r\u00e9gimen de protecci\u00f3n, con lo que se construir\u00e1n 14.290 pisos nuevos para atender la demanda actual de los 6.000 solicitantes, as\u00ed como las futuras peticiones.<\/p>\n\n\n\n<p><strong>La Xunta planea aumentar la vivienda p\u00fablica en Vigo con dos nuevos pol\u00edgonos<\/strong><br>Tambi\u00e9n se contemplan 1,1 millones de metros cuadrados adicionales de suelo industrial y terciario ampliando pol\u00edgonos como el Parque Tecnol\u00f3gico y Bala\u00eddos, desarrollando nuevos enclaves con sus comunicaciones en A Garrida y el entorno de Peinador, o recalificando espacios como el parque de Caramuxo o el de S\u00e1rdoma.<\/p>\n\n\n\n<p>Se prev\u00e9 continuar corredores verdes desde Teis a Samil, uniendo la V\u00eda Verde con Gran V\u00eda y la Avenida de Castelao, completando el parque lineal hasta la Avenida de Europa. A esto se sumar\u00e1 un nuevo eje verde entre Cabral y Samil por el Lagares. El planeamiento prev\u00e9 tambi\u00e9n nuevos parques. En total, las zonas verdes aumentar\u00e1n en 1,8 millones de metros cuadrados hasta contar con 3,3 millones.<\/p>\n\n\n\n<p><strong>La conselleira pide el apoyo del sector de la construcci\u00f3n<\/strong><br>Avanz\u00f3 la conselleira tambi\u00e9n licitaci\u00f3n previstas para los pr\u00f3ximos tres meses con una movilizaci\u00f3n de una inversi\u00f3n de m\u00e1s de 109 millones, que posibilitar\u00e1n impulsar intervenciones como, por ejemplo, la VAC Tui-A Guarda, en el tramo Areas-PO-350, la construcci\u00f3n de 70 viviendas de promoci\u00f3n p\u00fablica en Lugo y otras 76 en otra parcela. Destac\u00f3 que para avanzar en estas actuaciones en materia de vivienda e infraestructuras es fundamental la colaboraci\u00f3n de las administraciones, pero tambi\u00e9n del sector de la construcci\u00f3n, m\u00e1s concretamente de ingenieros, arquitectos, promotores o t\u00e9cnicos.<\/p>\n","protected":false},"excerpt":{"rendered":"<p>El nuevo Plan Xeral de Vigo, cada vez m\u00e1s cerca tras la aprobaci\u00f3n de la Xunta Atl\u00e1ntico El Gobierno gallego valid\u00f3 el&#8230;<\/p>\n","protected":false},"author":2,"featured_media":3259,"comment_status":"open","ping_status":"open","sticky":false,"template":"","format":"standard","meta":[],"categories":[1],"tags":[],"_links":{"self":[{"href":"https:\/\/aproin.com\/index.php\/wp-json\/wp\/v2\/posts\/4959"}],"collection":[{"href":"https:\/\/aproin.com\/index.php\/wp-json\/wp\/v2\/posts"}],"about":[{"href":"https:\/\/aproin.com\/index.php\/wp-json\/wp\/v2\/types\/post"}],"author":[{"embeddable":true,"href":"https:\/\/aproin.com\/index.php\/wp-json\/wp\/v2\/users\/2"}],"replies":[{"embeddable":true,"href":"https:\/\/aproin.com\/index.php\/wp-json\/wp\/v2\/comments?post=4959"}],"version-history":[{"count":1,"href":"https:\/\/aproin.com\/index.php\/wp-json\/wp\/v2\/posts\/4959\/revisions"}],"predecessor-version":[{"id":4960,"href":"https:\/\/aproin.com\/index.php\/wp-json\/wp\/v2\/posts\/4959\/revisions\/4960"}],"wp:featuredmedia":[{"embeddable":true,"href":"https:\/\/aproin.com\/index.php\/wp-json\/wp\/v2\/media\/3259"}],"wp:attachment":[{"href":"https:\/\/aproin.com\/index.php\/wp-json\/wp\/v2\/media?parent=4959"}],"wp:term":[{"taxonomy":"category","embeddable":true,"href":"https:\/\/aproin.com\/index.php\/wp-json\/wp\/v2\/categories?post=4959"},{"taxonomy":"post_tag","embeddable":true,"href":"https:\/\/aproin.com\/index.php\/wp-json\/wp\/v2\/tags?post=4959"}],"curies":[{"name":"wp","href":"https:\/\/api.w.org\/{rel}","templated":true}]}}