{"id":4980,"date":"2024-10-01T09:21:20","date_gmt":"2024-10-01T07:21:20","guid":{"rendered":"https:\/\/aproin.com\/?p=4980"},"modified":"2024-10-01T09:21:21","modified_gmt":"2024-10-01T07:21:21","slug":"la-xunta-contrata-el-proyecto-para-construir-178-nuevas-viviendas","status":"publish","type":"post","link":"https:\/\/aproin.com\/index.php\/la-xunta-contrata-el-proyecto-para-construir-178-nuevas-viviendas\/","title":{"rendered":"La Xunta contrata el proyecto para construir 178 nuevas viviendas"},"content":{"rendered":"\n<p><br>La Voz<\/p>\n\n\n\n<p><strong>Se construir\u00e1n en un solar de 3.000 metros cuadrados del pol\u00edgono vigu\u00e9s<\/strong><\/p>\n\n\n\n<p>La Xunta de Galicia acaba de dar luz verde a la contrataci\u00f3n por 1,1 millones de euros de la redacci\u00f3n del proyecto b\u00e1sico y de ejecuci\u00f3n y la direcci\u00f3n de obra para la construcci\u00f3n de 178 viviendas de promoci\u00f3n p\u00fablica en el pol\u00edgono 2 de Navia.<\/p>\n\n\n\n<p>Se construir\u00e1n en un solar de 3.000 metros cuadrados cuyas obras de urbanizaci\u00f3n est\u00e1n en fase de contrataci\u00f3n por 16,4 millones de euros. Este nuevo grupo de viviendas se suma a las 359 que desarrolla el Gobierno gallego en dicho pol\u00edgono, teniendo ya en marcha en Vigo un total de 537 viviendas de promoci\u00f3n p\u00fablica.<\/p>\n\n\n\n<p>El objetivo final es dotar a la ciudad de 1.600 pisos protegidos en San Paio de Navia en tres pol\u00edgonos. Es la ampliaci\u00f3n prevista en una actuaci\u00f3n que quiere paliar tanto la falta de vivienda en la ciudad como su carest\u00eda.<\/p>\n","protected":false},"excerpt":{"rendered":"<p>La Voz Se construir\u00e1n en un solar de 3.000 metros cuadrados del pol\u00edgono vigu\u00e9s La Xunta de Galicia acaba de dar luz&#8230;<\/p>\n","protected":false},"author":2,"featured_media":4981,"comment_status":"open","ping_status":"open","sticky":false,"template":"","format":"standard","meta":[],"categories":[1],"tags":[],"_links":{"self":[{"href":"https:\/\/aproin.com\/index.php\/wp-json\/wp\/v2\/posts\/4980"}],"collection":[{"href":"https:\/\/aproin.com\/index.php\/wp-json\/wp\/v2\/posts"}],"about":[{"href":"https:\/\/aproin.com\/index.php\/wp-json\/wp\/v2\/types\/post"}],"author":[{"embeddable":true,"href":"https:\/\/aproin.com\/index.php\/wp-json\/wp\/v2\/users\/2"}],"replies":[{"embeddable":true,"href":"https:\/\/aproin.com\/index.php\/wp-json\/wp\/v2\/comments?post=4980"}],"version-history":[{"count":1,"href":"https:\/\/aproin.com\/index.php\/wp-json\/wp\/v2\/posts\/4980\/revisions"}],"predecessor-version":[{"id":4982,"href":"https:\/\/aproin.com\/index.php\/wp-json\/wp\/v2\/posts\/4980\/revisions\/4982"}],"wp:featuredmedia":[{"embeddable":true,"href":"https:\/\/aproin.com\/index.php\/wp-json\/wp\/v2\/media\/4981"}],"wp:attachment":[{"href":"https:\/\/aproin.com\/index.php\/wp-json\/wp\/v2\/media?parent=4980"}],"wp:term":[{"taxonomy":"category","embeddable":true,"href":"https:\/\/aproin.com\/index.php\/wp-json\/wp\/v2\/categories?post=4980"},{"taxonomy":"post_tag","embeddable":true,"href":"https:\/\/aproin.com\/index.php\/wp-json\/wp\/v2\/tags?post=4980"}],"curies":[{"name":"wp","href":"https:\/\/api.w.org\/{rel}","templated":true}]}}