{"id":5131,"date":"2025-05-06T10:19:22","date_gmt":"2025-05-06T08:19:22","guid":{"rendered":"https:\/\/aproin.com\/?p=5131"},"modified":"2025-05-06T10:19:23","modified_gmt":"2025-05-06T08:19:23","slug":"aproin-y-cosentino-renuevan-su-acuerdo-de-colaboracion","status":"publish","type":"post","link":"https:\/\/aproin.com\/index.php\/aproin-y-cosentino-renuevan-su-acuerdo-de-colaboracion\/","title":{"rendered":"APROIN y Cosentino renuevan su acuerdo de colaboraci\u00f3n"},"content":{"rendered":"\n<figure class=\"wp-block-image size-large is-resized\"><img loading=\"lazy\" src=\"https:\/\/aproin.com\/wp-content\/uploads\/2019\/12\/Cosentino-logo-1.jpg\" alt=\"\" class=\"wp-image-3526\" width=\"294\" height=\"180\" srcset=\"https:\/\/aproin.com\/wp-content\/uploads\/2019\/12\/Cosentino-logo-1.jpg 640w, https:\/\/aproin.com\/wp-content\/uploads\/2019\/12\/Cosentino-logo-1-300x184.jpg 300w\" sizes=\"(max-width: 294px) 100vw, 294px\" \/><\/figure>\n\n\n\n<p>\u2022 Por tercer a\u00f1o consecutivo la compa\u00f1\u00eda espa\u00f1ola y la Asociaci\u00f3n mantienen su alianza que beneficia a los socios promotores de la entidad con condiciones econ\u00f3micas m\u00e1s ventajosas en sus promociones.<br>\u2022 Este a\u00f1o Cosentino ampl\u00eda su cat\u00e1logo de colores disponibles de Dekton\u00ae y Silestone\u00ae para encimera de cocina en el marco del acuerdo.<br>\u2022 Por su parte, Cosentino fue uno de los sponsors principales de la XXIX edici\u00f3n de los Premios de APROIN.<\/p>\n\n\n\n<hr class=\"wp-block-separator\"\/>\n\n\n\n<p>Vigo, 5 de mayo de 2025.- <strong>Cosentino, compa\u00f1\u00eda l\u00edder mundial en la producci\u00f3n de superficies sostenibles para la arquitectura y el dise\u00f1o, y la Asociaci\u00f3n de Promotores Inmobiliarios de Pontevedra (APROIN) renuevan por tercer a\u00f1o consecutivo su acuerdo de colaboraci\u00f3n comercial.<\/strong> Se trata de un convenio, iniciado por primera vez a finales de 2022, por el que las empresas promotoras asociadas a la entidad pontevedresa se pueden beneficiar de unas <strong>condiciones m\u00e1s ventajosas a la hora de adquirir las superficies de Cosentino.<\/strong><br><br>Tras el \u00e9xito obtenido en los anteriores dos ejercicios, durante este 2025 los socios de APROIN seguir\u00e1n teniendo unas condiciones especiales a la hora de acceder a una selecci\u00f3n de colores tanto de la piedra ultracompacta Dekton\u00ae, como de la superficie mineral Silestone\u00ae, con precios altamente competitivos para su uso en encimeras de cocina. Como novedad, este a\u00f1o la firma almeriense ampl\u00eda el cat\u00e1logo de colores disponibles dentro del acuerdo, incorporando nuevas tonalidades de tendencia, y pertenecientes a las \u00faltimas y m\u00e1s exitosas colecciones de ambas marcas.<br><br>Sim\u00f3n L\u00f3pez Comesa\u00f1a, Gerente de Cosentino Vigo, y Javier Garrido Valenzuela, presidente de APROIN, fueron los encargados de formalizar la renovaci\u00f3n del acuerdo en un acto que tuvo lugar en la sede de la asociaci\u00f3n. Ambos declararon su satisfacci\u00f3n por esta extensi\u00f3n de la alianza que \u201cse ha consolidado estos a\u00f1os como una f\u00f3rmula de \u00e9xito para los promotores pontevedreses ya que pueden acceder a los mejores materiales para el espacio de la cocina, aportando un valor a\u00f1adido real de dise\u00f1o, sostenibilidad y calidad a sus promociones. Este acuerdo es un ejemplo claro de lo necesario y beneficioso que es alcanzar colaboraciones que dinamicen nuestro sector\u201d, seg\u00fan manifestaron ambos representantes.<br>Para obtener m\u00e1s detalles y beneficiarse de este acuerdo, <strong>los socios interesados deben contactar con APROIN, o bien directamente con Cosentino (Sim\u00f3n L\u00f3pez Comesa\u00f1a &#8211; simlopez@cosentino.com ) (Blanca Antolin Pichel \u2013 bapichel@cosentino.com )<\/strong><\/p>\n\n\n\n<p>Esta colaboraci\u00f3n ya consolidada tambi\u00e9n se plasm\u00f3 en la \u00faltima ceremonia de entrega de premios de la Asociaci\u00f3n celebrada a principios de abril en Vigo. Un a\u00f1o m\u00e1s APROIN galardon\u00f3 a los mejores edificios construidos en 2024 en la provincia (antes denominados Edificio 10). El acto de esta XXIX edici\u00f3n de los Premios tuvo lugar en el C\u00edrculo de Empresarios, y reuni\u00f3 a una importante representaci\u00f3n empresarial, pero tambi\u00e9n institucional, con la presencia del presidente de la Xunta, Alfonso Rueda; la conselleira de Vivenda, Mar\u00eda Allegue; o la concejala de Urbanismo, Mar\u00eda Jos\u00e9 Caride, entre otros.<br><br>Con la asistencia del propio Sim\u00f3n L\u00f3pez, as\u00ed como de Miguel Silveira, Director Regional, Cosentino no solo fue uno de los sponsors destacados del acto, sino que tambi\u00e9n fue el encargado de elaborar las placas de los galardones, realizadas en el color Sandik de Dekton\u00ae.<\/p>\n","protected":false},"excerpt":{"rendered":"<p>\u2022 Por tercer a\u00f1o consecutivo la compa\u00f1\u00eda espa\u00f1ola y la Asociaci\u00f3n mantienen su alianza que beneficia a los socios promotores de la&#8230;<\/p>\n","protected":false},"author":1,"featured_media":4746,"comment_status":"open","ping_status":"open","sticky":false,"template":"","format":"standard","meta":[],"categories":[1],"tags":[],"_links":{"self":[{"href":"https:\/\/aproin.com\/index.php\/wp-json\/wp\/v2\/posts\/5131"}],"collection":[{"href":"https:\/\/aproin.com\/index.php\/wp-json\/wp\/v2\/posts"}],"about":[{"href":"https:\/\/aproin.com\/index.php\/wp-json\/wp\/v2\/types\/post"}],"author":[{"embeddable":true,"href":"https:\/\/aproin.com\/index.php\/wp-json\/wp\/v2\/users\/1"}],"replies":[{"embeddable":true,"href":"https:\/\/aproin.com\/index.php\/wp-json\/wp\/v2\/comments?post=5131"}],"version-history":[{"count":1,"href":"https:\/\/aproin.com\/index.php\/wp-json\/wp\/v2\/posts\/5131\/revisions"}],"predecessor-version":[{"id":5132,"href":"https:\/\/aproin.com\/index.php\/wp-json\/wp\/v2\/posts\/5131\/revisions\/5132"}],"wp:featuredmedia":[{"embeddable":true,"href":"https:\/\/aproin.com\/index.php\/wp-json\/wp\/v2\/media\/4746"}],"wp:attachment":[{"href":"https:\/\/aproin.com\/index.php\/wp-json\/wp\/v2\/media?parent=5131"}],"wp:term":[{"taxonomy":"category","embeddable":true,"href":"https:\/\/aproin.com\/index.php\/wp-json\/wp\/v2\/categories?post=5131"},{"taxonomy":"post_tag","embeddable":true,"href":"https:\/\/aproin.com\/index.php\/wp-json\/wp\/v2\/tags?post=5131"}],"curies":[{"name":"wp","href":"https:\/\/api.w.org\/{rel}","templated":true}]}}