{"id":5138,"date":"2025-05-15T09:35:51","date_gmt":"2025-05-15T07:35:51","guid":{"rendered":"https:\/\/aproin.com\/?p=5138"},"modified":"2025-05-15T09:35:52","modified_gmt":"2025-05-15T07:35:52","slug":"el-vigo-que-viene-con-el-nuevo-pxom-ocho-proyectos-clave-para-revolucionar-la-ciudad","status":"publish","type":"post","link":"https:\/\/aproin.com\/index.php\/el-vigo-que-viene-con-el-nuevo-pxom-ocho-proyectos-clave-para-revolucionar-la-ciudad\/","title":{"rendered":"El Vigo que viene con el nuevo PXOM: ocho proyectos clave para revolucionar la ciudad"},"content":{"rendered":"\n<p><br><strong>La aprobaci\u00f3n del plan permitir\u00e1 construir unas 50.000 viviendas<br>Promotores y constructores celebran: \u00abEs esperanzador, permitir\u00e1 paliar el d\u00e9ficit de pisos\u00bb<br>El pleno aprobar\u00e1 el documento la pr\u00f3xima semana<\/strong><\/p>\n\n\n\n<figure class=\"wp-block-image size-large\"><img loading=\"lazy\" width=\"1024\" height=\"768\" src=\"https:\/\/aproin.com\/wp-content\/uploads\/2024\/10\/20190912_150124-1024x768.jpg\" alt=\"\" class=\"wp-image-4978\" srcset=\"https:\/\/aproin.com\/wp-content\/uploads\/2024\/10\/20190912_150124-1024x768.jpg 1024w, https:\/\/aproin.com\/wp-content\/uploads\/2024\/10\/20190912_150124-300x225.jpg 300w, https:\/\/aproin.com\/wp-content\/uploads\/2024\/10\/20190912_150124-768x576.jpg 768w, https:\/\/aproin.com\/wp-content\/uploads\/2024\/10\/20190912_150124-1536x1152.jpg 1536w, https:\/\/aproin.com\/wp-content\/uploads\/2024\/10\/20190912_150124-2048x1536.jpg 2048w\" sizes=\"(max-width: 1024px) 100vw, 1024px\" \/><\/figure>\n\n\n\n<p>Carlos Ponce \/ Faro de Vigo<\/p>\n\n\n\n<p>La aprobaci\u00f3n del nuevo PXOM de Vigo, prevista en un pleno extraordinario que se celebrar\u00e1 la pr\u00f3xima semana tras pasar ma\u00f1ana por la Gerencia de Urbanismo, promete el inicio de una nueva era en en la ciudad. El documento plantea un conjunto de actuaciones clave para una transformaci\u00f3n total de Vigo. \u00abEstamos muy esperanzados\u00bb, asegura Javier Garrido, presidente de la Asociaci\u00f3n de Promotores Inmobiliarios de la Provincia de Pontevedra (Aproin). Se espera una lluvia de inversiones de m\u00e1s de 876 millones de euros, aportados por promotores privados (34%), Concello de Vigo (34%), Xunta (20%), Gobierno Central (9,7%) y Diputaci\u00f3n de Pontevedra (3,1%). La movilidad de recursos ser\u00e1 total.<\/p>\n\n\n\n<p><strong>El plan liberar\u00e1 suelo para la construcci\u00f3n de unas 50.000 viviendas, de las que entorno a 14.500 ser\u00e1n protegidas en alquiler o compra. <\/strong>Administraci\u00f3n y promotores esperan que la aprobaci\u00f3n del PXOM solucione la escasa oferta residencial en Vigo y permita <strong>contener los precios de los alquileres. <\/strong>\u00abEs un instrumento indispensable para el desarrollo de la ciudad y esperamos que consiga paliar el d\u00e9ficit de vivienda actual\u00bb, asegura Miguel Caruncho, presidente de la Asociaci\u00f3n de Constructores de Pontevedra. El Concello ya anunci\u00f3 que empezar\u00e1 a construir viviendas de protecci\u00f3n una vez que se apruebe el PXOM.<\/p>\n\n\n\n<p><strong>M\u00e1s vivienda en el mercado<\/strong><br>Por ejemplo, en el parque central municipal que el gobierno local tiene en Santa Cristina de Lavadores. All\u00ed construir\u00e1n doscientas viviendas protegidas en una superficie de 12.331 metros cuadrados. Las edificaciones se situar\u00e1n conformando una plaza abierta en soportales hacia el entorno de la iglesia, y ocupar\u00e1n una planta de 2.662,5 m2, dejando en su interior una plaza central de m\u00e1s de 1.370.<\/p>\n\n\n\n<p>Esa masiva construcci\u00f3n de inmueble residencial que se prev\u00e9 con la aprobaci\u00f3n definitiva del nuevo PXOM es la gran esperanza del Concello de Vigo para que comiencen a bajar los precios tanto de alquiler como de compra de pisos y que el acceso a una vivienda en la ciudad no sea una utop\u00eda para muchos.<\/p>\n\n\n\n<p>Otra de las l\u00edneas maestras del Plan Xeral es la recuperaci\u00f3n del patrimonio industrial vigu\u00e9s, que es mucho. As\u00ed, el documento contempla por ejemplo dar una nueva vida a La Art\u00edstica y a la f\u00e1brica de conservas de Alfageme, en este \u00faltimo caso convirti\u00e9ndolo en un gran espacio para la ciudadan\u00eda, con un hueco para el \u00e1mbito residencial. La recuperaci\u00f3n de La Panificadora, otra demanda hist\u00f3rica de la ciudad, tambi\u00e9n est\u00e1 recogida en el nuevo PXOM. Una vez se apruebe, se podr\u00e1n empezar a ejecutar las expropiaciones necesarias para crear espacios que conecten la Praza do Rei con la calle Santiago y el Casco Vello.<\/p>\n\n\n\n<p><em>lectura completa solo para suscriptores&#8230;<\/em><\/p>\n","protected":false},"excerpt":{"rendered":"<p>La aprobaci\u00f3n del plan permitir\u00e1 construir unas 50.000 viviendasPromotores y constructores celebran: \u00abEs esperanzador, permitir\u00e1 paliar el d\u00e9ficit de pisos\u00bbEl pleno aprobar\u00e1&#8230;<\/p>\n","protected":false},"author":1,"featured_media":4894,"comment_status":"open","ping_status":"open","sticky":false,"template":"","format":"standard","meta":[],"categories":[1],"tags":[],"_links":{"self":[{"href":"https:\/\/aproin.com\/index.php\/wp-json\/wp\/v2\/posts\/5138"}],"collection":[{"href":"https:\/\/aproin.com\/index.php\/wp-json\/wp\/v2\/posts"}],"about":[{"href":"https:\/\/aproin.com\/index.php\/wp-json\/wp\/v2\/types\/post"}],"author":[{"embeddable":true,"href":"https:\/\/aproin.com\/index.php\/wp-json\/wp\/v2\/users\/1"}],"replies":[{"embeddable":true,"href":"https:\/\/aproin.com\/index.php\/wp-json\/wp\/v2\/comments?post=5138"}],"version-history":[{"count":1,"href":"https:\/\/aproin.com\/index.php\/wp-json\/wp\/v2\/posts\/5138\/revisions"}],"predecessor-version":[{"id":5139,"href":"https:\/\/aproin.com\/index.php\/wp-json\/wp\/v2\/posts\/5138\/revisions\/5139"}],"wp:featuredmedia":[{"embeddable":true,"href":"https:\/\/aproin.com\/index.php\/wp-json\/wp\/v2\/media\/4894"}],"wp:attachment":[{"href":"https:\/\/aproin.com\/index.php\/wp-json\/wp\/v2\/media?parent=5138"}],"wp:term":[{"taxonomy":"category","embeddable":true,"href":"https:\/\/aproin.com\/index.php\/wp-json\/wp\/v2\/categories?post=5138"},{"taxonomy":"post_tag","embeddable":true,"href":"https:\/\/aproin.com\/index.php\/wp-json\/wp\/v2\/tags?post=5138"}],"curies":[{"name":"wp","href":"https:\/\/api.w.org\/{rel}","templated":true}]}}