{"id":5216,"date":"2025-07-29T09:46:24","date_gmt":"2025-07-29T07:46:24","guid":{"rendered":"https:\/\/aproin.com\/?p=5216"},"modified":"2025-07-29T09:46:25","modified_gmt":"2025-07-29T07:46:25","slug":"el-plan-xeral-de-nigran-se-retrasa-y-el-alcalde-espera-aprobarlo-este-ano","status":"publish","type":"post","link":"https:\/\/aproin.com\/index.php\/el-plan-xeral-de-nigran-se-retrasa-y-el-alcalde-espera-aprobarlo-este-ano\/","title":{"rendered":"El Plan Xeral de Nigr\u00e1n se retrasa y el alcalde espera aprobarlo este a\u00f1o"},"content":{"rendered":"\n<p>El Plan Xeral de Nigr\u00e1n se retrasa y el alcalde espera aprobarlo este a\u00f1o<br>Pedro Rodr\u00edguez \/ La Voz de Galicia<\/p>\n\n\n\n<p>El nuevo PXOM permite pisos tur\u00edsticos solo en Panx\u00f3n y Praia Am\u00e9rica<\/p>\n\n\n\n<p><strong>\u00abEstamos mejor y m\u00e1s cerca que nunca\u00bb, promete el alcalde de Nigr\u00e1n, Juan Gonz\u00e1lez, respecto a un Plan Xeral de Ordenaci\u00f3n Municipal<\/strong> que no termina de concretarse, pese a tener ya el primer visto bueno de la Xunta de Galicia. El regidor pronostic\u00f3 en marzo que se aprobar\u00eda provisionalmente en pleno antes de verano, pero no ha sido posible. \u00abLos t\u00e9cnicos municipales est\u00e1n revisando todo el documento. Una vez nos lo den, lo llevaremos a pleno para su aprobaci\u00f3n\u00bb, contin\u00faa Gonz\u00e1lez. Este paso previo se est\u00e1 demorado m\u00e1s de lo previsto por el gobierno local, que ahora espera poder llevarlo a pleno antes de final de a\u00f1o. \u00abEspero que entre octubre y diciembre. Nosotros queremos que sea lo antes posible\u00bb, insiste el alcalde.<\/p>\n\n\n\n<p>Una vez aprobado provisionalmente en el pleno, el Concello debe presentar su nuevo PXOM a la Xunta, que es la encargada de darle el \u00faltimo visto bueno. \u00abO Concello deber\u00e1 remitir o documento debidamente dilixenciado para que o PXOM sexa analizado e, no seu caso, poida ser aprobado definitivamente por orde da conseller\u00eda de Vivenda e Planificaci\u00f3n de Infraestruturas\u00bb, indican fuentes oficiales de la conseller\u00eda. Recuerdan que tienen tres meses para darle luz verde, aunque el alcalde espera que este tiempo se reduzca. \u00abLa conselleira de Vivenda, Mar\u00eda Mart\u00ednez Allegue, nos indic\u00f3 en una reuni\u00f3n en abril su voluntad de agilizar los tr\u00e1mites. Se comprometi\u00f3 a intentar responder en un mes\u00bb, contin\u00faa. Ese paso, a no ser que hubiera que hacer alguna correcci\u00f3n, ser\u00eda el \u00faltimo para estrenar el nuevo PXOM.<\/p>\n\n\n\n<p>\u00ab<strong>Llevamos mucho tiempo trabajando en \u00e9l y nos permitir\u00e1 realizar una mejora importante en nuestra normativa urban\u00edstica\u00bb,<\/strong> indica el alcalde.La norma urban\u00edstica vigente hoy es la de 1991. La poblaci\u00f3n de Nigr\u00e1n ha crecido un 28 % desde entonces, al pasar de 14.182 habitantes a los 18.208 del 2024, seg\u00fan el \u00faltimo dato del Instituto Nacional de Estad\u00edstica. Este crecimiento, el incremento del turismo y la reducci\u00f3n de oferta de nueva vivienda han provocado que los precios para alquilar o comprar una vivienda en Nigr\u00e1n no sean para todos los bolsillos. \u00abQueremos facilitar que los vecinos de Nigr\u00e1n se puedan independizar aqu\u00ed y no se tengan que marchar\u00bb, a\u00f1ade el alcalde. El nuevo plan proh\u00edbe las viviendas de uso tur\u00edstico en todo el casco urbano, exceptuando Panx\u00f3n y Praia Am\u00e9rica.<\/p>\n\n\n\n<p>\u00abCon el nuevo PXOM estrenaremos una normativa del siglo XXI, que nos permitir\u00e1 fomentar un crecimiento sostenible en Nigr\u00e1n, que establezca un equilibrio entre las zonas interiores y la franja de costa\u00bb, indica Gonz\u00e1lez.<\/p>\n\n\n\n<p>La oposici\u00f3n lamenta que el gobierno local no les haya informado sobre el estado y el retraso del PXOM. \u00abA nosotros no nos explicaron nada. Nos tenemos que enterar por nuestra cuenta\u00bb, lamenta la presidenta del PP de Nigr\u00e1n, Mar\u00eda Jos\u00e9 Pino. Su partido ya intent\u00f3 hacer un nuevo plan urban\u00edstico en el 2013, pero fue suspendido por los t\u00e9cnicos municipales al considerarlo inviable. El BNG tambi\u00e9n se queja de la \u00abfalta de transparencia do Concello. Xa nos queixamos en reiteradas ocasi\u00f3ns\u00bb, indica Xavier Rodr\u00edguez Fern\u00e1ndez.<\/p>\n\n\n\n<p>Ambos partidos no conf\u00edan en los plazos del alcalde. Pino opina que \u00abno tiene prisa porque no quiere problemas\u00bb y Rodr\u00edguez insiste en que \u00abvendo os precedentes, con sorte no 2026\u00bb.<\/p>\n","protected":false},"excerpt":{"rendered":"<p>El Plan Xeral de Nigr\u00e1n se retrasa y el alcalde espera aprobarlo este a\u00f1oPedro Rodr\u00edguez \/ La Voz de Galicia El nuevo&#8230;<\/p>\n","protected":false},"author":1,"featured_media":5217,"comment_status":"open","ping_status":"open","sticky":false,"template":"","format":"standard","meta":[],"categories":[1],"tags":[],"_links":{"self":[{"href":"https:\/\/aproin.com\/index.php\/wp-json\/wp\/v2\/posts\/5216"}],"collection":[{"href":"https:\/\/aproin.com\/index.php\/wp-json\/wp\/v2\/posts"}],"about":[{"href":"https:\/\/aproin.com\/index.php\/wp-json\/wp\/v2\/types\/post"}],"author":[{"embeddable":true,"href":"https:\/\/aproin.com\/index.php\/wp-json\/wp\/v2\/users\/1"}],"replies":[{"embeddable":true,"href":"https:\/\/aproin.com\/index.php\/wp-json\/wp\/v2\/comments?post=5216"}],"version-history":[{"count":1,"href":"https:\/\/aproin.com\/index.php\/wp-json\/wp\/v2\/posts\/5216\/revisions"}],"predecessor-version":[{"id":5218,"href":"https:\/\/aproin.com\/index.php\/wp-json\/wp\/v2\/posts\/5216\/revisions\/5218"}],"wp:featuredmedia":[{"embeddable":true,"href":"https:\/\/aproin.com\/index.php\/wp-json\/wp\/v2\/media\/5217"}],"wp:attachment":[{"href":"https:\/\/aproin.com\/index.php\/wp-json\/wp\/v2\/media?parent=5216"}],"wp:term":[{"taxonomy":"category","embeddable":true,"href":"https:\/\/aproin.com\/index.php\/wp-json\/wp\/v2\/categories?post=5216"},{"taxonomy":"post_tag","embeddable":true,"href":"https:\/\/aproin.com\/index.php\/wp-json\/wp\/v2\/tags?post=5216"}],"curies":[{"name":"wp","href":"https:\/\/api.w.org\/{rel}","templated":true}]}}