{"id":5297,"date":"2025-11-17T09:01:38","date_gmt":"2025-11-17T08:01:38","guid":{"rendered":"https:\/\/aproin.com\/?p=5297"},"modified":"2025-11-17T09:01:38","modified_gmt":"2025-11-17T08:01:38","slug":"rueda-fija-para-2026-la-puesta-en-marcha-de-las-4-000-viviendas-de-promocion-publica","status":"publish","type":"post","link":"https:\/\/aproin.com\/index.php\/rueda-fija-para-2026-la-puesta-en-marcha-de-las-4-000-viviendas-de-promocion-publica\/","title":{"rendered":"Rueda fija para 2026 la puesta en marcha de las 4.000 viviendas de promoci\u00f3n p\u00fablica"},"content":{"rendered":"\n<p><br><strong>Plan de vivienda<\/strong><\/p>\n\n\n\n<p><strong>El Gobierno gallego anuncia que el 25% estar\u00e1n a la venta y un 40% ser\u00e1n reservadas en alquiler a j\u00f3venes de menos de 36 a\u00f1os<\/strong><br>Atl\u00e1ntico<\/p>\n\n\n\n<p>El presidente de la Xunta, Alfonso Rueda, ha confirmado este domingo que en 2026 estar\u00e1n en marcha las 4.000 viviendas de promoci\u00f3n p\u00fablica comprometidas para la legislatura. <strong>La cifra supone sumar 1.000 nuevos inmuebles a los 3.000 ya en ejecuci\u00f3n<\/strong> y, seg\u00fan destac\u00f3, permitir\u00e1 \u201cduplicar el parque p\u00fablico de vivienda\u201d en Galicia.<\/p>\n\n\n\n<p>Rueda explic\u00f3 que el 25% de estas viviendas estar\u00e1 disponible para compra y alrededor del 40% se destinar\u00e1 al alquiler reservado a j\u00f3venes menores de 36 a\u00f1os, con el objetivo de facilitar el acceso a un hogar y mantener a Galicia como \u201cel Gobierno auton\u00f3mico que m\u00e1s apuesta por la vivienda\u201d.<\/p>\n\n\n\n<p>El mandatario avanz\u00f3 tambi\u00e9n que <strong>la Xunta comprar\u00e1 locales en desuso para transformarlos en vivienda y lanzar\u00e1 ayudas espec\u00edficas para rehabilitar inmuebles<\/strong> destinados a trabajadores vinculados a los programas de captaci\u00f3n de talento.<\/p>\n\n\n\n<p>De cara a 2026, Rueda situ\u00f3 como meta alcanzar los 100.000 dependientes atendidos, \u201csi no lo impide el recurso presentado por el Gobierno central\u201d contra el plan auton\u00f3mico de choque en dependencia.<\/p>\n\n\n\n<p>En el \u00e1mbito de la innovaci\u00f3n, el presidente destac\u00f3 proyectos como la Fundaci\u00f3n Galtia, destinada a atraer talento, y la puesta en marcha de la F\u00e1brica de Inteligencia Artificial. Asimismo, asegur\u00f3 que Galicia contar\u00e1 en 2026 con el primer centro de protonterapia de la sanidad p\u00fablica espa\u00f1ola.<\/p>\n\n\n\n<p>En materia legislativa, <strong>la Xunta prev\u00e9 aprobar la primera ley de Educaci\u00f3n Digital<\/strong>, la nueva Ley de Administraci\u00f3n Local y avanzar en el Pacto pola Lingua, con la actualizaci\u00f3n del Plan Xeral de Normalizaci\u00f3n Ling\u00fc\u00edstica y la apertura del futuro Centro de Artes Digitales.<\/p>\n\n\n\n<p>En energ\u00eda, Rueda insisti\u00f3 en continuar con la repotenciaci\u00f3n e\u00f3lica, salvo que el Gobierno central lo impida, y anunci\u00f3 mejoras en las infraestructuras contra incendios, con inversiones en bases a\u00e9reas y m\u00e1s medios de extinci\u00f3n. Tambi\u00e9n avanz\u00f3 nuevas iniciativas para impulsar un turismo de calidad, como la regulaci\u00f3n del turismo marinero.<\/p>\n\n\n\n<p>El presidente confirm\u00f3 adem\u00e1s que en 2026 se completar\u00e1n las obras de las estaciones intermodales de A Coru\u00f1a y Lugo para su entrada en funcionamiento. \u201cSer\u00e1 un a\u00f1o de much\u00edsimo trabajo, preludio del gran Xacobeo 2027\u201d, resalt\u00f3, reivindicando un Gobierno \u201cunido y coordinado\u201d frente a una oposici\u00f3n que, a su juicio, ofrece \u201cconfrontaci\u00f3n y tensi\u00f3n\u201d.<\/p>\n\n\n\n<p>Rueda aprovech\u00f3 tambi\u00e9n para criticar al Ejecutivo central por \u201cno ser capaz de aprobar los presupuestos en lo que va de legislatura\u201d, algo que, afirm\u00f3, afecta negativamente a Galicia.<\/p>\n","protected":false},"excerpt":{"rendered":"<p>Plan de vivienda El Gobierno gallego anuncia que el 25% estar\u00e1n a la venta y un 40% ser\u00e1n reservadas en alquiler a&#8230;<\/p>\n","protected":false},"author":1,"featured_media":5298,"comment_status":"open","ping_status":"open","sticky":false,"template":"","format":"standard","meta":[],"categories":[1],"tags":[],"_links":{"self":[{"href":"https:\/\/aproin.com\/index.php\/wp-json\/wp\/v2\/posts\/5297"}],"collection":[{"href":"https:\/\/aproin.com\/index.php\/wp-json\/wp\/v2\/posts"}],"about":[{"href":"https:\/\/aproin.com\/index.php\/wp-json\/wp\/v2\/types\/post"}],"author":[{"embeddable":true,"href":"https:\/\/aproin.com\/index.php\/wp-json\/wp\/v2\/users\/1"}],"replies":[{"embeddable":true,"href":"https:\/\/aproin.com\/index.php\/wp-json\/wp\/v2\/comments?post=5297"}],"version-history":[{"count":1,"href":"https:\/\/aproin.com\/index.php\/wp-json\/wp\/v2\/posts\/5297\/revisions"}],"predecessor-version":[{"id":5299,"href":"https:\/\/aproin.com\/index.php\/wp-json\/wp\/v2\/posts\/5297\/revisions\/5299"}],"wp:featuredmedia":[{"embeddable":true,"href":"https:\/\/aproin.com\/index.php\/wp-json\/wp\/v2\/media\/5298"}],"wp:attachment":[{"href":"https:\/\/aproin.com\/index.php\/wp-json\/wp\/v2\/media?parent=5297"}],"wp:term":[{"taxonomy":"category","embeddable":true,"href":"https:\/\/aproin.com\/index.php\/wp-json\/wp\/v2\/categories?post=5297"},{"taxonomy":"post_tag","embeddable":true,"href":"https:\/\/aproin.com\/index.php\/wp-json\/wp\/v2\/tags?post=5297"}],"curies":[{"name":"wp","href":"https:\/\/api.w.org\/{rel}","templated":true}]}}