{"id":5300,"date":"2025-11-17T09:05:46","date_gmt":"2025-11-17T08:05:46","guid":{"rendered":"https:\/\/aproin.com\/?p=5300"},"modified":"2025-11-17T09:05:47","modified_gmt":"2025-11-17T08:05:47","slug":"el-primer-coliving-de-vigo-estara-en-bouzas-y-tendra-gimnasio-y-piscina","status":"publish","type":"post","link":"https:\/\/aproin.com\/index.php\/el-primer-coliving-de-vigo-estara-en-bouzas-y-tendra-gimnasio-y-piscina\/","title":{"rendered":"El primer \u2018coliving\u2019 de Vigo estar\u00e1 en Bouzas y tendr\u00e1 gimnasio y piscina"},"content":{"rendered":"\n<p><br><strong>El grupo Viqueira destinar\u00e1 las cuatro primeras plantas del edificio de viviendas en la villa marinera a este formato de vida comunitaria para personas de entre 25 y 40 a\u00f1os<\/strong><\/p>\n\n\n\n<p>Carlos Ponce \/ Faro de Vigo<\/p>\n\n\n\n<p><strong>La iniciativa privada<\/strong> contin\u00faa buscando alternativas que satisfagan la demanda de unos j\u00f3venes que desde hace a\u00f1os lo tienen realmente dif\u00edcil para independizarse por el disparado precio de los alquileres. Entre esas f\u00f3rmulas se encuentra el coliving, una convivencia compartida que combina espacios privados con zonas comunes y una propuesta de comunidad, a menudo con servicios incluidos (limpieza, coworking, actividades, etc.). <strong>Est\u00e1 orientado a personas que buscan convivir, no solo compartir gastos: trabajadores freelance, j\u00f3venes profesionales y personas en transici\u00f3n vital que lo ven como una alternativa atractiva al alquiler tradicional.<\/strong><\/p>\n\n\n\n<p>En Vigo, el primer coliving estar\u00e1 ubicado en el edificio de viviendas Alto de Bouzas que el grupo Viqueira est\u00e1 construyendo en el coraz\u00f3n de la villa marinera. Concretamente, destinar\u00e1 <strong>las cuatro primeras plantas de esa construcci\u00f3n a ese formato de vida comunitaria.<\/strong><\/p>\n\n\n\n<p>El concepto se basa en tres pilares. En primer lugar, los inquilinos contar\u00e1n con su piso privado amueblado. Adem\u00e1s, disfrutar\u00e1n de zonas comunes como piscina, gimnasio, terrazas, zona de coworking para que puedan trabajar, espacios de estar\u2026 Y, por \u00faltimo, podr\u00e1n tambi\u00e9n disfrutar de la experiencia de la convivencia con el resto de residentes en los eventos que se prev\u00e9n organizar para dinamizar esa experiencia.<\/p>\n\n\n\n<p>Aunque cualquier persona puede vivir en ese futuro coliving, espec\u00edficamente est\u00e1 dirigido a gente de entre 25 y 40 a\u00f1os que buscan vivir sin complicaciones y pagar\u00edan un \u00fanico recibo mensual en el que se incluir\u00eda todos los gastos, entre los que se incluyen el alquiler, los suministros el\u00e9ctricos, etc. Es decir, los que vivan all\u00ed se despreocupan de cualquier gesti\u00f3n relacionada con la comunidad y buscan simplificar su d\u00eda a d\u00eda.<\/p>\n\n\n\n<p>El objetivo es que los inquilinos que residan en ese coliving lo hagan en una estancia media de un a\u00f1o, aunque es variable. Desde el grupo Viqueira explican que el coliving que desarrollar\u00e1n en Bouzas es un concepto innovador que combina espacios privados, zonas comunes y servicios integrados, pensado para profesionales j\u00f3venes y no tan j\u00f3venes que buscan una forma de vivir m\u00e1s f\u00e1cil, flexible y conectada.<\/p>\n\n\n\n<p><strong>\u00abUna soluci\u00f3n flexible, humana y adaptada a todos los estilos de vida. Porque para quienes viven en movimiento o trabajan en remoto, \u00a1el hogar tambi\u00e9n puede ser comunidad\u00bb<\/strong>, a\u00f1aden.<\/p>\n\n\n\n<p>Entre las ventajas del coliving destaca la conexi\u00f3n con el resto de residentes, especialmente en un escenario actual en el que en las grandes ciudades fomentan el aislamiento. Aqu\u00ed, sin embargo,se promueven las relaciones sociales y la vida en comunidad, con un concepto de zonas comunes y espacios compartidos que est\u00e1 muy implantado en otros pa\u00edses como el Reino Unido.<\/p>\n\n\n\n<p>El ahorro de tiempo y energ\u00eda al no ser necesario hacer ninguna gesti\u00f3n de los suministros y limpieza tambi\u00e9n es otra de las grandes ventajas. Los espacios de coworking, adem\u00e1s, favorecen el crecimiento profesional y personal y son especialmente recomendables para las personas que teletrabajan.<\/p>\n\n\n\n<p>El grupo Viqueira ha invertido 18 millones de euros en la promoci\u00f3n Alto de Bouzas, con un total de 57 viviendas de 1, 2 y 3 dormitorios. Las que se comercializan de forma convencional y no est\u00e1n dentro del coliving cuentan por lo general con elementos diferenciales como vistas a la r\u00eda y amplias terrazas. El terreno sobre el que se construye este edificio tiene una superficie de setecientos metros cuadrados.<\/p>\n","protected":false},"excerpt":{"rendered":"<p>El grupo Viqueira destinar\u00e1 las cuatro primeras plantas del edificio de viviendas en la villa marinera a este formato de vida comunitaria&#8230;<\/p>\n","protected":false},"author":1,"featured_media":4347,"comment_status":"open","ping_status":"open","sticky":false,"template":"","format":"standard","meta":[],"categories":[1],"tags":[],"_links":{"self":[{"href":"https:\/\/aproin.com\/index.php\/wp-json\/wp\/v2\/posts\/5300"}],"collection":[{"href":"https:\/\/aproin.com\/index.php\/wp-json\/wp\/v2\/posts"}],"about":[{"href":"https:\/\/aproin.com\/index.php\/wp-json\/wp\/v2\/types\/post"}],"author":[{"embeddable":true,"href":"https:\/\/aproin.com\/index.php\/wp-json\/wp\/v2\/users\/1"}],"replies":[{"embeddable":true,"href":"https:\/\/aproin.com\/index.php\/wp-json\/wp\/v2\/comments?post=5300"}],"version-history":[{"count":1,"href":"https:\/\/aproin.com\/index.php\/wp-json\/wp\/v2\/posts\/5300\/revisions"}],"predecessor-version":[{"id":5301,"href":"https:\/\/aproin.com\/index.php\/wp-json\/wp\/v2\/posts\/5300\/revisions\/5301"}],"wp:featuredmedia":[{"embeddable":true,"href":"https:\/\/aproin.com\/index.php\/wp-json\/wp\/v2\/media\/4347"}],"wp:attachment":[{"href":"https:\/\/aproin.com\/index.php\/wp-json\/wp\/v2\/media?parent=5300"}],"wp:term":[{"taxonomy":"category","embeddable":true,"href":"https:\/\/aproin.com\/index.php\/wp-json\/wp\/v2\/categories?post=5300"},{"taxonomy":"post_tag","embeddable":true,"href":"https:\/\/aproin.com\/index.php\/wp-json\/wp\/v2\/tags?post=5300"}],"curies":[{"name":"wp","href":"https:\/\/api.w.org\/{rel}","templated":true}]}}