{"id":5314,"date":"2025-12-01T09:29:52","date_gmt":"2025-12-01T08:29:52","guid":{"rendered":"https:\/\/aproin.com\/?p=5314"},"modified":"2025-12-01T09:29:53","modified_gmt":"2025-12-01T08:29:53","slug":"un-historico-edificio-del-centro-de-vigo-se-transformara-en-una-torre-de-cristal-con-pisos-de-lujo","status":"publish","type":"post","link":"https:\/\/aproin.com\/index.php\/un-historico-edificio-del-centro-de-vigo-se-transformara-en-una-torre-de-cristal-con-pisos-de-lujo\/","title":{"rendered":"Un hist\u00f3rico edificio del centro de Vigo se transformar\u00e1 en una torre de cristal con pisos de lujo"},"content":{"rendered":"\n<p><\/p>\n\n\n\n<p>Por Alfredo Teja \/ Metropolitano<br><br>Un total de ocho plantas, m\u00e1s de 5.000 metros de superficie construida. Un edificio construido en 1954 que, a d\u00eda de hoy, pasa casi desapercibido oculto por el manto del tiempo. De no ser, claro, porque ahora cuelga de su fachada un anticipo del brillante futuro que se le ha prometido. Vigo recuperar\u00e1 su hist\u00f3rica <strong>Torre de Cristal<\/strong> con un moderno dise\u00f1o que ya se dibuja en la calle Marqu\u00e9s de Valladares.<\/p>\n\n\n\n<p>El n\u00famero 23 de esta v\u00eda fue durante mucho tiempo un edifico de grises oficinas en el que lo que m\u00e1s llamaba la atenci\u00f3n era el bingo que se alojaba en el bajo comercial. Una v\u00edctima m\u00e1s de la crisis econ\u00f3mica que tantas empresas cerr\u00f3, dejando en sus sedes poco m\u00e1s que despachos vac\u00edos. Para el a\u00f1o 2016, la empresa propietaria del Edificio Torre de Cristal entr\u00f3 en concurso de acreedores clausurando este inmueble.<br><br>Hasta ahora. Aliseda, una agencia inmobiliaria que ha crecido gestionando y comercializando los activos de la SAREB, ha sacado a la venta una <strong>promoci\u00f3n de pisos de lujo en el n\u00famero 23 de la calle Marqu\u00e9s de Valladares.<\/strong> Aunque todav\u00eda se encuentra en fase de preventa, lo que all\u00ed se proyecta es una moderna y renovada torre de cristal con una fachada repleta de ventanales.<\/p>\n\n\n\n<p>Esta empresa inmobiliaria, una de los principales &#8216;servicers&#8217; de lo que en su momento se conoci\u00f3 como el &#8220;banco malo&#8221;, ya ofrece pisos &#8220;con los m\u00e1s altos est\u00e1ndares de calidad, que combinan elegancia, confort y eficiencia&#8221;. Esta imponente torre de cristal que de momento solo guarda oficinas vac\u00edas en su interior, albergar\u00e1 tras la rehabilitaci\u00f3n un total de 38 lujosos pisos de 1, 2, 3 y 4 dormitorios.<\/p>\n\n\n\n<p>Con el nombre de<strong> &#8220;IQONIC TORRE DE CRISTAL&#8221;,<\/strong> la promoci\u00f3n no ofrecer\u00e1 ninguna vivienda por debajo de los 352.000 euros. Un inmueble en el que, seg\u00fan se aprecia en las infograf\u00edas, se mantendr\u00e1 el bajo comercial con una importante rehabilitaci\u00f3n, se sumar\u00e1n dos privilegiadas terrazas superiores y un balc\u00f3n balaustrado a la altura del primer piso.<\/p>\n\n\n\n<p><strong>Edificios ic\u00f3nicos que vuelven a la vida<\/strong><br>Vigo vive un importante proceso de expansi\u00f3n urban\u00edstica. Tras una d\u00e9cada sin actualizar el PXOM, la construcci\u00f3n llevaba tiempo al ralent\u00ed en la ciudad. Pero ahora se acumulan en la casilla del Concello los proyectos por desarrollar nuevas promociones. Muchas de ellas ser\u00e1n de obra nueva, pero tambi\u00e9n se esperan importantes rehabilitaciones de edificios hist\u00f3ricos de Vigo.<\/p>\n\n\n\n<p>En la misma calle Marqu\u00e9s de Valladares, en la esquina con Col\u00f3n, destaca la rehabilitaci\u00f3n de Avantespacia del antiguo edificio Ribas-Barreras. Este proyecto, dise\u00f1ado por Jes\u00fas Irisarri Castro y Guadalupe Pi\u00f1eira Manso, logr\u00f3 recuperar esta joya de la arquitectura racionalista de Vigo obra del arquitecto Francisco Castro Represas.<\/p>\n\n\n\n<p>&#8230;<\/p>\n","protected":false},"excerpt":{"rendered":"<p>Por Alfredo Teja \/ Metropolitano Un total de ocho plantas, m\u00e1s de 5.000 metros de superficie construida. Un edificio construido en 1954&#8230;<\/p>\n","protected":false},"author":1,"featured_media":5315,"comment_status":"open","ping_status":"open","sticky":false,"template":"","format":"standard","meta":[],"categories":[1],"tags":[],"_links":{"self":[{"href":"https:\/\/aproin.com\/index.php\/wp-json\/wp\/v2\/posts\/5314"}],"collection":[{"href":"https:\/\/aproin.com\/index.php\/wp-json\/wp\/v2\/posts"}],"about":[{"href":"https:\/\/aproin.com\/index.php\/wp-json\/wp\/v2\/types\/post"}],"author":[{"embeddable":true,"href":"https:\/\/aproin.com\/index.php\/wp-json\/wp\/v2\/users\/1"}],"replies":[{"embeddable":true,"href":"https:\/\/aproin.com\/index.php\/wp-json\/wp\/v2\/comments?post=5314"}],"version-history":[{"count":1,"href":"https:\/\/aproin.com\/index.php\/wp-json\/wp\/v2\/posts\/5314\/revisions"}],"predecessor-version":[{"id":5316,"href":"https:\/\/aproin.com\/index.php\/wp-json\/wp\/v2\/posts\/5314\/revisions\/5316"}],"wp:featuredmedia":[{"embeddable":true,"href":"https:\/\/aproin.com\/index.php\/wp-json\/wp\/v2\/media\/5315"}],"wp:attachment":[{"href":"https:\/\/aproin.com\/index.php\/wp-json\/wp\/v2\/media?parent=5314"}],"wp:term":[{"taxonomy":"category","embeddable":true,"href":"https:\/\/aproin.com\/index.php\/wp-json\/wp\/v2\/categories?post=5314"},{"taxonomy":"post_tag","embeddable":true,"href":"https:\/\/aproin.com\/index.php\/wp-json\/wp\/v2\/tags?post=5314"}],"curies":[{"name":"wp","href":"https:\/\/api.w.org\/{rel}","templated":true}]}}