{"id":5340,"date":"2025-12-16T09:01:58","date_gmt":"2025-12-16T08:01:58","guid":{"rendered":"https:\/\/aproin.com\/?p=5340"},"modified":"2025-12-16T09:01:59","modified_gmt":"2025-12-16T08:01:59","slug":"la-compraventa-de-vivienda-nueva-se-dispara-un-36-en-la-provincia-este-ano","status":"publish","type":"post","link":"https:\/\/aproin.com\/index.php\/la-compraventa-de-vivienda-nueva-se-dispara-un-36-en-la-provincia-este-ano\/","title":{"rendered":"La compraventa de vivienda nueva se dispara un 36% en la provincia este a\u00f1o"},"content":{"rendered":"\n<p><strong>Las operaciones de inmuebles usados acumulan una subida de casi un 6% en los diez primeros meses<\/strong><br>Atl\u00e1ntico<\/p>\n\n\n\n<figure class=\"wp-block-image size-large\"><img loading=\"lazy\" width=\"1024\" height=\"461\" src=\"https:\/\/aproin.com\/wp-content\/uploads\/2025\/12\/20240418_143539-1024x461.jpg\" alt=\"\" class=\"wp-image-5341\" srcset=\"https:\/\/aproin.com\/wp-content\/uploads\/2025\/12\/20240418_143539-1024x461.jpg 1024w, https:\/\/aproin.com\/wp-content\/uploads\/2025\/12\/20240418_143539-300x135.jpg 300w, https:\/\/aproin.com\/wp-content\/uploads\/2025\/12\/20240418_143539-768x346.jpg 768w, https:\/\/aproin.com\/wp-content\/uploads\/2025\/12\/20240418_143539-1536x692.jpg 1536w, https:\/\/aproin.com\/wp-content\/uploads\/2025\/12\/20240418_143539-2048x922.jpg 2048w\" sizes=\"(max-width: 1024px) 100vw, 1024px\" \/><\/figure>\n\n\n\n<p><br><strong>El mercado inmobiliario en la provincia de Pontevedra -con Vigo a la cabeza- vive un momento dulce con un aumento generalizado de la compraventa de viviendas -incluye nueva, usada, libre y protegida-<\/strong>. En los diez primeros meses del a\u00f1o se contabilizaron algo m\u00e1s de 6.700 operaciones, lo que supone un incremento de un 13% con respecto al mismo periodo de 2024, seg\u00fan los datos hechos p\u00fablicos ayer por el Instituto Nacional de Estad\u00edstica (INE).<\/p>\n\n\n\n<p>Especialmente significativo es el crecimiento de la vivienda nueva a nivel provincial. En este caso se realizaron cerca de 2.000 ventas, un 36,6% m\u00e1s que el a\u00f1o pasado, mientras que en el caso de la vivienda usada el n\u00famero de operaciones fue m\u00e1s del doble, con m\u00e1s de 4.700, pero el incremento fue mucho menor, de un 5,6%.<\/p>\n\n\n\n<p>En el conjunto de <strong>Galicia la compraventa aument\u00f3 casi un 15% de enero a octubre con 10.567 transacciones y todas las provincias se anotaron subidas<\/strong>; un 14,5% A Coru\u00f1a, un 12% Lugo, un 13% y un 25,5% Ourense. En Espa\u00f1a el n\u00famero de operaciones super\u00f3 las 601.500 y el crecimiento fue de un 12,25%.<\/p>\n\n\n\n<p>Si analizamos el \u00faltimo mes disponible, octubre, la provincia de Pontevedra registr\u00f3 una bajada de un 6% con respecto al a\u00f1o pasado, por encima de la media gallega que descendi\u00f3 un 1,3% y la estatal, un 2,5%. Se situaron 2.782 en la comunidad gallega, de un total de 5.038 viviendas transmitidas durante el d\u00e9cimo mes del a\u00f1o. Tambi\u00e9n hubo 42 donaciones, nueve permutas y 1.213 herencias. Adem\u00e1s, se transmitieron en Galicia 12.214 fincas, de las cuales 3.089 fueron r\u00fasticas y las restantes 9.125, urbanas.<\/p>\n\n\n\n<p>Por comunidades aut\u00f3nomas y en valores absolutos, Andaluc\u00eda fue la regi\u00f3n en la que m\u00e1s compraventas sobre viviendas se realizaron en octubre, con 13.813, seguida de Catalu\u00f1a (11.093), Comunidad Valenciana (10.207) y Madrid (7.805). Las \u00fanicas en las que crecieron las operaciones fueron Cantabria (8,9%), Andaluc\u00eda (4,1%), Extremadura (3,1%), Catalu\u00f1a (3%) y Murcia (2,8%).<\/p>\n\n\n\n<p><strong>Las viviendas de Vigo se hacen mayores: 44 a\u00f1os de media<\/strong><br><br><strong>El mejor a\u00f1o desde 2007<\/strong><br>Los portales inmobiliarios prev\u00e9n que 2025 se convierta en el mejor a\u00f1o en Espa\u00f1a por n\u00famero de compraventas desde 2007. <strong>La directora de estudios de Fotocasa, Mar\u00eda Matos,<\/strong> destaca que \u201cla reactivaci\u00f3n de la demanda est\u00e1 ligada al giro en la pol\u00edtica monetaria del Banco Central Europeo, que est\u00e1 actuando como palanca para muchos ciudadanos que, hasta ahora, hab\u00edan permanecido fuera del mercado\u201d. Por su parte, el director de estudios del portal Pisos.com, Ferran Font, considera que la demanda \u201csigue \u00e1vida de compra ante las expectativas de aumentos de precios a la que se le suman unos tipos de inter\u00e9s que ofrecen hipotecas interesantes\u201d.<\/p>\n","protected":false},"excerpt":{"rendered":"<p>Las operaciones de inmuebles usados acumulan una subida de casi un 6% en los diez primeros mesesAtl\u00e1ntico El mercado inmobiliario en la&#8230;<\/p>\n","protected":false},"author":1,"featured_media":5217,"comment_status":"open","ping_status":"open","sticky":false,"template":"","format":"standard","meta":[],"categories":[1],"tags":[],"_links":{"self":[{"href":"https:\/\/aproin.com\/index.php\/wp-json\/wp\/v2\/posts\/5340"}],"collection":[{"href":"https:\/\/aproin.com\/index.php\/wp-json\/wp\/v2\/posts"}],"about":[{"href":"https:\/\/aproin.com\/index.php\/wp-json\/wp\/v2\/types\/post"}],"author":[{"embeddable":true,"href":"https:\/\/aproin.com\/index.php\/wp-json\/wp\/v2\/users\/1"}],"replies":[{"embeddable":true,"href":"https:\/\/aproin.com\/index.php\/wp-json\/wp\/v2\/comments?post=5340"}],"version-history":[{"count":1,"href":"https:\/\/aproin.com\/index.php\/wp-json\/wp\/v2\/posts\/5340\/revisions"}],"predecessor-version":[{"id":5342,"href":"https:\/\/aproin.com\/index.php\/wp-json\/wp\/v2\/posts\/5340\/revisions\/5342"}],"wp:featuredmedia":[{"embeddable":true,"href":"https:\/\/aproin.com\/index.php\/wp-json\/wp\/v2\/media\/5217"}],"wp:attachment":[{"href":"https:\/\/aproin.com\/index.php\/wp-json\/wp\/v2\/media?parent=5340"}],"wp:term":[{"taxonomy":"category","embeddable":true,"href":"https:\/\/aproin.com\/index.php\/wp-json\/wp\/v2\/categories?post=5340"},{"taxonomy":"post_tag","embeddable":true,"href":"https:\/\/aproin.com\/index.php\/wp-json\/wp\/v2\/tags?post=5340"}],"curies":[{"name":"wp","href":"https:\/\/api.w.org\/{rel}","templated":true}]}}