{"id":5360,"date":"2026-01-26T12:57:55","date_gmt":"2026-01-26T11:57:55","guid":{"rendered":"https:\/\/aproin.com\/?p=5360"},"modified":"2026-01-26T12:57:56","modified_gmt":"2026-01-26T11:57:56","slug":"el-precio-de-la-vivienda-en-venta-en-vigo-el-mas-alto-en-casi-16-anos","status":"publish","type":"post","link":"https:\/\/aproin.com\/index.php\/el-precio-de-la-vivienda-en-venta-en-vigo-el-mas-alto-en-casi-16-anos\/","title":{"rendered":"El precio de la vivienda en venta en Vigo, el m\u00e1s alto en casi 16 a\u00f1os"},"content":{"rendered":"\n<p><br>El metro cuadrado ya se sit\u00faa en casi 2.400 euros de media<br>Faro de Vigo<\/p>\n\n\n\n<p>El precio medio del metro cuadrado de las viviendas en venta en la ciudad \u2014nuevas y usadas\u2014 ya ha alcanzado los 2.376 euros, la cifra m\u00e1s elevada desde marzo de 2010, hace cerca de 16 a\u00f1os, cuando lleg\u00f3 a 2.398 euros. No deja de subir desde septiembre y, por ahora, no parece que vaya a bajar.<\/p>\n\n\n\n<p>En el alquiler, sucede m\u00e1s de lo mismo. En diciembre, el precio medio del metro cuadrado de las viviendas disponibles en Vigo lleg\u00f3 a 11,2 euros, cifra que asusta: un 9% m\u00e1s que un a\u00f1o antes, alza imposible de compensar en la enorme mayor\u00eda de sueldos.<\/p>\n\n\n\n<p><strong>Solo 8 de cada 100 viviendas a la venta en Vigo son de obra nueva<\/strong><br>El incremento con respecto a diciembre de 2023 supera el 19,2%.<\/p>\n\n\n\n<p><em><strong>lectura completa solo para suscriptores&#8230;<\/strong><\/em><\/p>\n","protected":false},"excerpt":{"rendered":"<p>El metro cuadrado ya se sit\u00faa en casi 2.400 euros de mediaFaro de Vigo El precio medio del metro cuadrado de las&#8230;<\/p>\n","protected":false},"author":1,"featured_media":4261,"comment_status":"open","ping_status":"open","sticky":false,"template":"","format":"standard","meta":[],"categories":[1],"tags":[],"_links":{"self":[{"href":"https:\/\/aproin.com\/index.php\/wp-json\/wp\/v2\/posts\/5360"}],"collection":[{"href":"https:\/\/aproin.com\/index.php\/wp-json\/wp\/v2\/posts"}],"about":[{"href":"https:\/\/aproin.com\/index.php\/wp-json\/wp\/v2\/types\/post"}],"author":[{"embeddable":true,"href":"https:\/\/aproin.com\/index.php\/wp-json\/wp\/v2\/users\/1"}],"replies":[{"embeddable":true,"href":"https:\/\/aproin.com\/index.php\/wp-json\/wp\/v2\/comments?post=5360"}],"version-history":[{"count":1,"href":"https:\/\/aproin.com\/index.php\/wp-json\/wp\/v2\/posts\/5360\/revisions"}],"predecessor-version":[{"id":5361,"href":"https:\/\/aproin.com\/index.php\/wp-json\/wp\/v2\/posts\/5360\/revisions\/5361"}],"wp:featuredmedia":[{"embeddable":true,"href":"https:\/\/aproin.com\/index.php\/wp-json\/wp\/v2\/media\/4261"}],"wp:attachment":[{"href":"https:\/\/aproin.com\/index.php\/wp-json\/wp\/v2\/media?parent=5360"}],"wp:term":[{"taxonomy":"category","embeddable":true,"href":"https:\/\/aproin.com\/index.php\/wp-json\/wp\/v2\/categories?post=5360"},{"taxonomy":"post_tag","embeddable":true,"href":"https:\/\/aproin.com\/index.php\/wp-json\/wp\/v2\/tags?post=5360"}],"curies":[{"name":"wp","href":"https:\/\/api.w.org\/{rel}","templated":true}]}}