{"id":5364,"date":"2026-01-30T12:36:56","date_gmt":"2026-01-30T11:36:56","guid":{"rendered":"https:\/\/aproin.com\/?p=5364"},"modified":"2026-01-30T12:36:57","modified_gmt":"2026-01-30T11:36:57","slug":"que-obras-se-podran-agilizar-en-vigo-con-la-nueva-ordenanza","status":"publish","type":"post","link":"https:\/\/aproin.com\/index.php\/que-obras-se-podran-agilizar-en-vigo-con-la-nueva-ordenanza\/","title":{"rendered":"\u00bfQu\u00e9 obras se podr\u00e1n agilizar en Vigo con la nueva ordenanza?"},"content":{"rendered":"\n<p><br>La Junta de Gobierno del Concello aprueba ma\u00f1ana el proyecto<\/p>\n\n\n\n<p>Borja Melchor \/ Faro de Vigo <\/p>\n\n\n\n<p>La Junta de Gobierno del Concello de Vigo aprobar\u00e1 ma\u00f1ana el proyecto de la nueva ordenanza reguladora de licencias. El alcalde, Abel Caballero, explic\u00f3 que el objetivo principal es \u00ab<strong>agilizar los procedimientos administrativos relacionados con las licencias urban\u00edsticas<\/strong>\u00bb, ya que se reducir\u00e1n plazos y se facilitar\u00e1 la realizaci\u00f3n de obras y actividades de bajo impacto. \u00abSeguimos trabajando y avanzando en la simplificaci\u00f3n de la tramitaci\u00f3n administrativa municipal\u00bb, subray\u00f3.<\/p>\n\n\n\n<p>La nueva ordenanza permitir\u00e1 que determinadas actuaciones puedan iniciarse \u00fanicamente con la presentaci\u00f3n de una comunicaci\u00f3n previa o una declaraci\u00f3n responsable, sin necesidad de esperar a la concesi\u00f3n de una licencia municipal.<\/p>\n\n\n\n<p>Seg\u00fan se\u00f1al\u00f3 el regidor,<strong> esto afectar\u00e1 especialmente a \u00abactuaciones menores en viviendas y locales, as\u00ed como a la apertura de negocios de bajo riesgo\u00bb<\/strong>, con la finalidad de fomentar la actividad econ\u00f3mica y facilitar la implantaci\u00f3n de soluciones sostenibles. El texto incorpora novedades en materia de sostenibilidad y movilidad, regulando, entre otros aspectos, la instalaci\u00f3n de puntos de recarga para veh\u00edculos el\u00e9ctricos y sistemas de energ\u00edas renovables en las cubiertas de los edificios.<\/p>\n\n\n\n<p><strong>Actuaciones de mayor complejidad<\/strong><br>Caballero precis\u00f3 que las actuaciones de mayor complejidad seguir\u00e1n sujetas al r\u00e9gimen tradicional de licencias. \u00abLas obras en edificios hist\u00f3ricos, las de alto riesgo o las que afecten a la estructura de elementos protegidos continuar\u00e1n requiriendo licencia urban\u00edstica\u00bb, recalc\u00f3, con el objetivo de \u00abgarantizar la protecci\u00f3n del patrimonio y la seguridad de las actuaciones\u00bb.<\/p>\n\n\n\n<p><em>lectura completa solo para suscriptores&#8230;<\/em><\/p>\n","protected":false},"excerpt":{"rendered":"<p>La Junta de Gobierno del Concello aprueba ma\u00f1ana el proyecto Borja Melchor \/ Faro de Vigo La Junta de Gobierno del Concello&#8230;<\/p>\n","protected":false},"author":1,"featured_media":5035,"comment_status":"open","ping_status":"open","sticky":false,"template":"","format":"standard","meta":[],"categories":[1],"tags":[],"_links":{"self":[{"href":"https:\/\/aproin.com\/index.php\/wp-json\/wp\/v2\/posts\/5364"}],"collection":[{"href":"https:\/\/aproin.com\/index.php\/wp-json\/wp\/v2\/posts"}],"about":[{"href":"https:\/\/aproin.com\/index.php\/wp-json\/wp\/v2\/types\/post"}],"author":[{"embeddable":true,"href":"https:\/\/aproin.com\/index.php\/wp-json\/wp\/v2\/users\/1"}],"replies":[{"embeddable":true,"href":"https:\/\/aproin.com\/index.php\/wp-json\/wp\/v2\/comments?post=5364"}],"version-history":[{"count":1,"href":"https:\/\/aproin.com\/index.php\/wp-json\/wp\/v2\/posts\/5364\/revisions"}],"predecessor-version":[{"id":5365,"href":"https:\/\/aproin.com\/index.php\/wp-json\/wp\/v2\/posts\/5364\/revisions\/5365"}],"wp:featuredmedia":[{"embeddable":true,"href":"https:\/\/aproin.com\/index.php\/wp-json\/wp\/v2\/media\/5035"}],"wp:attachment":[{"href":"https:\/\/aproin.com\/index.php\/wp-json\/wp\/v2\/media?parent=5364"}],"wp:term":[{"taxonomy":"category","embeddable":true,"href":"https:\/\/aproin.com\/index.php\/wp-json\/wp\/v2\/categories?post=5364"},{"taxonomy":"post_tag","embeddable":true,"href":"https:\/\/aproin.com\/index.php\/wp-json\/wp\/v2\/tags?post=5364"}],"curies":[{"name":"wp","href":"https:\/\/api.w.org\/{rel}","templated":true}]}}