{"id":5366,"date":"2026-01-30T12:46:54","date_gmt":"2026-01-30T11:46:54","guid":{"rendered":"https:\/\/aproin.com\/?p=5366"},"modified":"2026-01-30T12:46:55","modified_gmt":"2026-01-30T11:46:55","slug":"el-consorcio-casco-vello-rehabilitara-dos-edificios-en-o-berbes","status":"publish","type":"post","link":"https:\/\/aproin.com\/index.php\/el-consorcio-casco-vello-rehabilitara-dos-edificios-en-o-berbes\/","title":{"rendered":"El Consorcio Casco Vello rehabilitar\u00e1 dos edificios en O Berb\u00e9s"},"content":{"rendered":"\n<p><br>La Voz<\/p>\n\n\n\n<p>La delegada de la Xunta avanza que el organiso comprar\u00e1 un edificio en la calle Real<\/p>\n\n\n\n<p><strong>El Consorcio Casco Vello afrontar\u00e1 este a\u00f1o nuevos proyectos de rehabilitaci\u00f3n. <\/strong>A lo largo de este a\u00f1o estar\u00e1 lista la<strong> licencia para los edificios 25 y 27 de O Berb\u00e9s<\/strong>, donde se crear\u00e1n seis viviendas. Adem\u00e1s, seg\u00fan explica Ana Ortiz, delegada territorial de la Xunta, el Consorcio, que ayer realiz\u00f3 su consejo de administraci\u00f3n, comprar\u00e1 el edificio n\u00famero 20 de la calle Real para iniciar su recuperaci\u00f3n. A\u00f1adi\u00f3 que pronto se escriturar\u00e1n dos viviendas ya terminadas en Hortas-San Sebasti\u00e1n.<\/p>\n\n\n\n<p>La delegada record\u00f3 que el Consorcio Casco Vello \u00ab\u00e9 un dos mellores exemplos do traballo continuado que realizamos en favor da cidadan\u00eda viguesa cando non se lle po\u00f1en trabas\u00bb e indic\u00f3 que ya <strong>hay 90 edificios rehabilitados, 130 viviendas y 36 locales en marcha<\/strong> para \u00abdar vida de novo a un barrio que se atopaba en moi mal estado\u00bb.<\/p>\n\n\n\n<p>\u00abO traballo feito durante os \u00faltimos 20 anos para a recuperaci\u00f3n do barrio hist\u00f3rico vai a ter continuidade, porque o noso compromiso \u00e9 firme e imos seguir nesta li\u00f1a para que o Casco Vello te\u00f1a unha rehabilitaci\u00f3n integral no menor tempo posible e tam\u00e9n aporte novas vivendas para novos veci\u00f1os\u00bb, afirm\u00f3 Ana Ortiz.<\/p>\n","protected":false},"excerpt":{"rendered":"<p>La Voz La delegada de la Xunta avanza que el organiso comprar\u00e1 un edificio en la calle Real El Consorcio Casco Vello&#8230;<\/p>\n","protected":false},"author":1,"featured_media":4948,"comment_status":"open","ping_status":"open","sticky":false,"template":"","format":"standard","meta":[],"categories":[1],"tags":[],"_links":{"self":[{"href":"https:\/\/aproin.com\/index.php\/wp-json\/wp\/v2\/posts\/5366"}],"collection":[{"href":"https:\/\/aproin.com\/index.php\/wp-json\/wp\/v2\/posts"}],"about":[{"href":"https:\/\/aproin.com\/index.php\/wp-json\/wp\/v2\/types\/post"}],"author":[{"embeddable":true,"href":"https:\/\/aproin.com\/index.php\/wp-json\/wp\/v2\/users\/1"}],"replies":[{"embeddable":true,"href":"https:\/\/aproin.com\/index.php\/wp-json\/wp\/v2\/comments?post=5366"}],"version-history":[{"count":1,"href":"https:\/\/aproin.com\/index.php\/wp-json\/wp\/v2\/posts\/5366\/revisions"}],"predecessor-version":[{"id":5367,"href":"https:\/\/aproin.com\/index.php\/wp-json\/wp\/v2\/posts\/5366\/revisions\/5367"}],"wp:featuredmedia":[{"embeddable":true,"href":"https:\/\/aproin.com\/index.php\/wp-json\/wp\/v2\/media\/4948"}],"wp:attachment":[{"href":"https:\/\/aproin.com\/index.php\/wp-json\/wp\/v2\/media?parent=5366"}],"wp:term":[{"taxonomy":"category","embeddable":true,"href":"https:\/\/aproin.com\/index.php\/wp-json\/wp\/v2\/categories?post=5366"},{"taxonomy":"post_tag","embeddable":true,"href":"https:\/\/aproin.com\/index.php\/wp-json\/wp\/v2\/tags?post=5366"}],"curies":[{"name":"wp","href":"https:\/\/api.w.org\/{rel}","templated":true}]}}