{"id":5368,"date":"2026-01-30T13:11:33","date_gmt":"2026-01-30T12:11:33","guid":{"rendered":"https:\/\/aproin.com\/?p=5368"},"modified":"2026-01-30T13:11:34","modified_gmt":"2026-01-30T12:11:34","slug":"vivenda-construira-12-pisos-publicos-en-el-municipio-de-baiona","status":"publish","type":"post","link":"https:\/\/aproin.com\/index.php\/vivenda-construira-12-pisos-publicos-en-el-municipio-de-baiona\/","title":{"rendered":"Vivenda construir\u00e1 12 pisos p\u00fablicos en el municipio de Baiona"},"content":{"rendered":"\n<p><strong>La actuaci\u00f3n residencial ya pactada entre Xunta y Ayuntamiento supondr\u00e1 una inversi\u00f3n auton\u00f3mica de 2,5 millones euros<\/strong><br>Atl\u00e1ntico<\/p>\n\n\n\n<p>La Xunta ya licita la redacci\u00f3n del proyecto para construir <strong>12 nuevas viviendas p\u00fablicas en Baiona,<\/strong> que supondr\u00e1n una inversi\u00f3n auton\u00f3mica de 2,5 millones de euros. La conselleira de Vivienda y Planificaci\u00f3n de Infraestructuras, Mar\u00eda Mart\u00ednez Allegue, firm\u00f3 ayer por la ma\u00f1ana con el alcalde, Jes\u00fas Almu\u00ed\u00f1a, el acuerdo por lo que el Ayuntamiento cede al Gobierno gallego la parcela en la que se desarrollar\u00e1 este inmueble. Este acuerdo ya hab\u00eda sido autorizado por el Consello de la Xunta esta semana. La firma se realiz\u00f3 en Baiona, adonde se desplaz\u00f3 la conselleira para estampar su r\u00fabrica en un acto realizado en la calle.<\/p>\n\n\n\n<p>La Plataforma de Contratos P\u00fablicos de Galicia recog\u00eda ya ayer la<strong> licitaci\u00f3n de este contrato de redacci\u00f3n<\/strong>, por un importe de algo m\u00e1s de 120.000 euros. Las empresas interesadas en acometer esta intervenci\u00f3n podr\u00e1n presentar sus correspondientes ofertas hasta el pr\u00f3ximo 6 de marzo.<\/p>\n\n\n\n<p>El Gobierno gallego ejecutar\u00e1 en una parcela ubicada en la calle O Burgo, cedida por el Ayuntamiento de Baiona, un edificio que albergar\u00e1 12 nuevos hogares que se pondr\u00e1n a disposici\u00f3n de ciudadanos inscritos en el Registro de demandantes de vivienda.<\/p>\n\n\n\n<p><strong>A<\/strong>l<strong>legue subray\u00f3 que con este acuerdo de Baiona se suma a otros 13 ayuntamientos que ya cedieron gratuitamente parcelas a la Xunta para que pueda construir vivienda p\u00fablica. Se trata de los municipios de Pontevedra, Lugo, Teo, Lal\u00edn, A Estrada, A Coru\u00f1a, Vilagarc\u00eda de Arousa, Ames, Carballo, Nar\u00f3n, San Cibrao das Vi\u00f1as, Arteixo y Bueu.<\/strong><\/p>\n\n\n\n<p>En este sentido, la conselleira agradeci\u00f3 la colaboraci\u00f3n de los municipios y anim\u00f3 a seguir aumentando el n\u00famero de ayuntamientos que ceden suelo para continuar favoreciendo el acceso de la ciudadan\u00eda a una vivienda digna y la un precio accesible.<\/p>\n\n\n\n<p>Adem\u00e1s <strong>Mar\u00eda M. Allegue puso en valor el esfuerzo t\u00e9cnico y financiero que est\u00e1 realizando la Xunta en el \u00e1mbito de la vivienda,<\/strong> pues en la actualidad ya tiene en marcha alrededor de 3.000 nuevas viviendas p\u00fablicas. En esta misma l\u00ednea se enmarca la triple actuaci\u00f3n en marcha en Vigo, la m\u00e1s importante de Galicia con una inversi\u00f3n millonaria, con el desarrollo de la ampliaci\u00f3n de Navia, ya en marcha, y la urbanizaci\u00f3n de dos nuevos entornos, uno en la avenida de Madrid, denominado Ofim\u00e1tico, y otro en Lavadores, entre las calles Ram\u00f3n Nieto y Cantabria. En total ser\u00e1 unas 5.300 viviendas nuevas, las primeras de las cuales podr\u00edan ser entregadas este mismo a\u00f1o. El resto, a partir de 2028. No obstante, el registro de demadantes recoge unas 7.000 solicitudes de un piso de protecci\u00f3n.<\/p>\n","protected":false},"excerpt":{"rendered":"<p>La actuaci\u00f3n residencial ya pactada entre Xunta y Ayuntamiento supondr\u00e1 una inversi\u00f3n auton\u00f3mica de 2,5 millones eurosAtl\u00e1ntico La Xunta ya licita la&#8230;<\/p>\n","protected":false},"author":1,"featured_media":4601,"comment_status":"open","ping_status":"open","sticky":false,"template":"","format":"standard","meta":[],"categories":[1],"tags":[],"_links":{"self":[{"href":"https:\/\/aproin.com\/index.php\/wp-json\/wp\/v2\/posts\/5368"}],"collection":[{"href":"https:\/\/aproin.com\/index.php\/wp-json\/wp\/v2\/posts"}],"about":[{"href":"https:\/\/aproin.com\/index.php\/wp-json\/wp\/v2\/types\/post"}],"author":[{"embeddable":true,"href":"https:\/\/aproin.com\/index.php\/wp-json\/wp\/v2\/users\/1"}],"replies":[{"embeddable":true,"href":"https:\/\/aproin.com\/index.php\/wp-json\/wp\/v2\/comments?post=5368"}],"version-history":[{"count":1,"href":"https:\/\/aproin.com\/index.php\/wp-json\/wp\/v2\/posts\/5368\/revisions"}],"predecessor-version":[{"id":5369,"href":"https:\/\/aproin.com\/index.php\/wp-json\/wp\/v2\/posts\/5368\/revisions\/5369"}],"wp:featuredmedia":[{"embeddable":true,"href":"https:\/\/aproin.com\/index.php\/wp-json\/wp\/v2\/media\/4601"}],"wp:attachment":[{"href":"https:\/\/aproin.com\/index.php\/wp-json\/wp\/v2\/media?parent=5368"}],"wp:term":[{"taxonomy":"category","embeddable":true,"href":"https:\/\/aproin.com\/index.php\/wp-json\/wp\/v2\/categories?post=5368"},{"taxonomy":"post_tag","embeddable":true,"href":"https:\/\/aproin.com\/index.php\/wp-json\/wp\/v2\/tags?post=5368"}],"curies":[{"name":"wp","href":"https:\/\/api.w.org\/{rel}","templated":true}]}}