{"id":5370,"date":"2026-02-02T09:57:37","date_gmt":"2026-02-02T08:57:37","guid":{"rendered":"https:\/\/aproin.com\/?p=5370"},"modified":"2026-02-02T09:57:38","modified_gmt":"2026-02-02T08:57:38","slug":"la-nueva-plaza-de-espana-de-vigo-toma-velocidad-de-crucero","status":"publish","type":"post","link":"https:\/\/aproin.com\/index.php\/la-nueva-plaza-de-espana-de-vigo-toma-velocidad-de-crucero\/","title":{"rendered":"La nueva plaza de Espa\u00f1a de Vigo toma \u00abvelocidad de crucero\u00bb"},"content":{"rendered":"\n<p><br>M.A.P.<br>VIGO \/ LA VOZ<\/p>\n\n\n\n<p>La Gerencia Municipal de Urbanismo aprobar\u00e1 el pr\u00f3ximo martes un convenio que afecta a tres manzanas situadas entre la Gran V\u00eda y las calles Conde de Gondomar y Fernando Conde<\/p>\n\n\n\n<p><strong>El Concello de Vigo dar\u00e1 un nuevo paso en la transformaci\u00f3n urban\u00edstica del entorno de la plaza de Espa\u00f1a.<\/strong> La Gerencia Municipal de Urbanismo aprobar\u00e1 el pr\u00f3ximo martes un convenio que afecta a tres manzanas situadas entre la Gran V\u00eda y las calles Conde de Gondomar y Fernando Conde, seg\u00fan avanz\u00f3 ayer el alcalde Abel Caballero. Se trata de un proyecto, afirm\u00f3, avanza a \u00abvelocidad de crucero\u00bb.<\/p>\n\n\n\n<p>La denominada manzana 1 \u2014delimitada por Manuel Olivi\u00e9, Conde de Gondomar y Fernando Conde\u2014 mantendr\u00e1 su configuraci\u00f3n actual, ya que incluye una edificaci\u00f3n catalogada y protegida: el antiguo chal\u00e9 de Enrique Lorenzo. En la manzana 2 \u2014entre Santo Amaro, Conde de Gondomar y Manuel Olivi\u00e9\u2014 el Plan Xeral reserva una superficie de 400 metros cuadrados para espacios libres y zonas verdes. Esa parcela, la \u00fanica sin edificar, ser\u00e1 cedida al Ayuntamiento mediante el convenio para crear un \u00e1rea verde. El tercer \u00e1mbito se\u00f1alado por Caballero es la parcela donde actualmente se ubica la gasolinera. Aqu\u00ed el planeamiento prev\u00e9 la construcci\u00f3n de un edificio de vivienda colectiva, acompa\u00f1ado de la cesi\u00f3n de m\u00e1s de 500 metros cuadrados de zonas verdes a trav\u00e9s de un acuerdo urban\u00edstico con la empresa due\u00f1a de la estaci\u00f3n de servicio.<\/p>\n\n\n\n<p><strong>El alcalde destac\u00f3 que \u00abya est\u00e1n en tramitaci\u00f3n todos los convenios urban\u00edsticos de la plaza Espa\u00f1a, excepto uno\u00bb<\/strong>, lo que permitir\u00e1 avanzar en el cierre del anillo perimetral necesario para la futura semipeatonalizaci\u00f3n de este simb\u00f3lico espacio de la ciudad. Estos convenios facilitar\u00e1n, adem\u00e1s, la obtenci\u00f3n de nuevos espacios verdes y la edificaci\u00f3n de solares que hoy permanecen vac\u00edos.<\/p>\n\n\n\n<p>\u00bfY las edificaciones residenciales? Una vez aprobados los acuerdos, se iniciar\u00e1n estudios de detalle \u00abde forma inmediata\u00bb, asegura Caballero, para garantizar la \u00abcalidad arquitect\u00f3nica\u00bb de las futuras construcciones y asegurar una integraci\u00f3n coherente en el entorno urbano.<\/p>\n\n\n\n<p>La gran parcela situada en la esquina de Pizarro con Puerto Rico y Honduras abarca 2.904 metros cuadrados sobre los que se permite levantar hasta <strong>74 viviendas.<\/strong> Es el terreno que pertenece a <strong>Aliseda<\/strong>, la gestora de activos inmobiliarios controlada por Blackstone, que ya ha preparado posibles dise\u00f1os de los edificios \u2014ver imagen adjunta a la noticia\u2014 buscando inversores. El segundo acuerdo abarca las fincas situadas entre Pizarro, Puerto Rico y Gran V\u00eda, donde la edificabilidad prevista es de 6.804 metros cuadrados. En este \u00e1mbito, dos hermanos y la sociedad Inversiones Inmobiliarias Canvives son quienes figuran como propietarios. El tercer convenio, que corresponde al \u00e1rea delimitada por Gran V\u00eda, Pizarro y Honduras, est\u00e1 un chalet de dos plantas y semis\u00f3tano con vivienda unifamiliar y terreno anexo que suma 3.574 metros cuadrados de edificabilidad.<\/p>\n","protected":false},"excerpt":{"rendered":"<p>M.A.P.VIGO \/ LA VOZ La Gerencia Municipal de Urbanismo aprobar\u00e1 el pr\u00f3ximo martes un convenio que afecta a tres manzanas situadas entre&#8230;<\/p>\n","protected":false},"author":1,"featured_media":2766,"comment_status":"open","ping_status":"open","sticky":false,"template":"","format":"standard","meta":[],"categories":[1],"tags":[],"_links":{"self":[{"href":"https:\/\/aproin.com\/index.php\/wp-json\/wp\/v2\/posts\/5370"}],"collection":[{"href":"https:\/\/aproin.com\/index.php\/wp-json\/wp\/v2\/posts"}],"about":[{"href":"https:\/\/aproin.com\/index.php\/wp-json\/wp\/v2\/types\/post"}],"author":[{"embeddable":true,"href":"https:\/\/aproin.com\/index.php\/wp-json\/wp\/v2\/users\/1"}],"replies":[{"embeddable":true,"href":"https:\/\/aproin.com\/index.php\/wp-json\/wp\/v2\/comments?post=5370"}],"version-history":[{"count":1,"href":"https:\/\/aproin.com\/index.php\/wp-json\/wp\/v2\/posts\/5370\/revisions"}],"predecessor-version":[{"id":5371,"href":"https:\/\/aproin.com\/index.php\/wp-json\/wp\/v2\/posts\/5370\/revisions\/5371"}],"wp:featuredmedia":[{"embeddable":true,"href":"https:\/\/aproin.com\/index.php\/wp-json\/wp\/v2\/media\/2766"}],"wp:attachment":[{"href":"https:\/\/aproin.com\/index.php\/wp-json\/wp\/v2\/media?parent=5370"}],"wp:term":[{"taxonomy":"category","embeddable":true,"href":"https:\/\/aproin.com\/index.php\/wp-json\/wp\/v2\/categories?post=5370"},{"taxonomy":"post_tag","embeddable":true,"href":"https:\/\/aproin.com\/index.php\/wp-json\/wp\/v2\/tags?post=5370"}],"curies":[{"name":"wp","href":"https:\/\/api.w.org\/{rel}","templated":true}]}}