{"id":5389,"date":"2026-03-13T11:47:45","date_gmt":"2026-03-13T10:47:45","guid":{"rendered":"https:\/\/aproin.com\/?p=5389"},"modified":"2026-03-13T11:47:46","modified_gmt":"2026-03-13T10:47:46","slug":"dos-obras-en-edificios-de-vigo-se-llevan-un-premio-por-su-diseno-arquitectonico-y-su-renovacion","status":"publish","type":"post","link":"https:\/\/aproin.com\/index.php\/dos-obras-en-edificios-de-vigo-se-llevan-un-premio-por-su-diseno-arquitectonico-y-su-renovacion\/","title":{"rendered":"Dos obras en edificios de Vigo se llevan un premio por su dise\u00f1o arquitect\u00f3nico y su renovaci\u00f3n"},"content":{"rendered":"\n<p><br>El bloque residencial de Urbavigo en Canido y la rehabilitaci\u00f3n de un inmueble en la calle Nicaragua, a cargo de Grupo Herculina, han sido reconocidos en los Premios Aproin<br>El certamen ha premiado tambi\u00e9n la restauraci\u00f3n del Faro Grande de Cabo Silleiro, en Baiona<\/p>\n\n\n\n<figure class=\"wp-block-image size-large\"><img loading=\"lazy\" width=\"1024\" height=\"780\" src=\"https:\/\/aproin.com\/wp-content\/uploads\/2026\/03\/Urbavigo-S.L.-1024x780.jpg\" alt=\"\" class=\"wp-image-5390\" srcset=\"https:\/\/aproin.com\/wp-content\/uploads\/2026\/03\/Urbavigo-S.L.-1024x780.jpg 1024w, https:\/\/aproin.com\/wp-content\/uploads\/2026\/03\/Urbavigo-S.L.-300x228.jpg 300w, https:\/\/aproin.com\/wp-content\/uploads\/2026\/03\/Urbavigo-S.L.-768x585.jpg 768w, https:\/\/aproin.com\/wp-content\/uploads\/2026\/03\/Urbavigo-S.L.-1536x1170.jpg 1536w, https:\/\/aproin.com\/wp-content\/uploads\/2026\/03\/Urbavigo-S.L.-2048x1560.jpg 2048w\" sizes=\"(max-width: 1024px) 100vw, 1024px\" \/><\/figure>\n\n\n\n<p>R. V. \/ Faro de Vigo <\/p>\n\n\n\n<p>La ciudad de Vigo ha tenido un papel protagonista en la trig\u00e9sima edici\u00f3n de los Premios Aproin, organizados por la Asociaci\u00f3n de Promotores Inmobiliarios de Pontevedra, al concentrar dos de los principales reconocimientos de este certamen que distingue las mejores actuaciones inmobiliarias de la provincia.<\/p>\n\n\n\n<p>En esta edici\u00f3n especial, que celebra tres d\u00e9cadas de trayectoria de los premios, el jurado ha destacado proyectos que reflejan la evoluci\u00f3n de la arquitectura y la promoci\u00f3n inmobiliaria en el territorio, as\u00ed como su contribuci\u00f3n a mejorar el paisaje urbano y la calidad de vida de los ciudadanos.<\/p>\n\n\n\n<p>El premio a la mejor actuaci\u00f3n inmobiliaria de obra nueva ha reca\u00eddo en la <strong>promotora Urbavigo, S.L.<\/strong>, por la construcci\u00f3n de un edificio residencial de nueve viviendas ubicado en el barrio de Canido, uno de los enclaves m\u00e1s singulares de la ciudad. El proyecto lo desarroll\u00f3 el estudio de arquitectura Pereiro Arquitectos, tambi\u00e9n con sede en Vigo, y destaca por su integraci\u00f3n en el entorno urbano y por la calidad de su dise\u00f1o arquitect\u00f3nico.<\/p>\n\n\n\n<p>Por otro lado, el galard\u00f3n a mejor rehabilitaci\u00f3n residencial ha sido otorgado a <strong>Grupo Herculina<\/strong> por la rehabilitaci\u00f3n de un edificio situado en los n\u00fameros 43 y 45 de la calle Nicaragua, en pleno centro de Vigo. La intervenci\u00f3n, proyectada por el arquitecto Jos\u00e9 Antonio Comesa\u00f1a Garc\u00eda, ha permitido recuperar y poner en valor un inmueble en una de las zonas m\u00e1s consolidadas de la ciudad, adapt\u00e1ndolo a las necesidades actuales sin perder su car\u00e1cter urbano.<\/p>\n\n\n\n<p>El tercer premio concedido en esta edici\u00f3n corresponde a la categor\u00eda de mejor rehabilitaci\u00f3n no residencial, que ha reconocido la restauraci\u00f3n del F<strong>aro Grande de Cabo Silleiro<\/strong>, en Baiona. El proyecto, desarrollado bajo la direcci\u00f3n del arquitecto Pedro de la Puente Crespo, ha permitido recuperar este emblem\u00e1tico edificio hist\u00f3rico del litoral gallego, transform\u00e1ndolo en un espacio que combina patrimonio, arquitectura y nuevas posibilidades de uso.<\/p>\n\n\n\n<p>El jurado encargado de evaluar las propuestas estuvo presidido por Luis Espada Recarey y cont\u00f3 con la participaci\u00f3n de profesionales del \u00e1mbito de la arquitectura y la ingenier\u00eda, que analizaron las candidaturas presentadas mediante visitas a las obras y el estudio de la documentaci\u00f3n t\u00e9cnica.<\/p>\n\n\n\n<p><strong>La entrega de los galardones tendr\u00e1 lugar el 26 de marzo en el C\u00edrculo de Empresarios de Galicia,<\/strong> en Vigo, en un acto que contar\u00e1 con la presencia del presidente de la Xunta, Alfonso Rueda, encargado de entregar las distinciones.<\/p>\n","protected":false},"excerpt":{"rendered":"<p>El bloque residencial de Urbavigo en Canido y la rehabilitaci\u00f3n de un inmueble en la calle Nicaragua, a cargo de Grupo Herculina,&#8230;<\/p>\n","protected":false},"author":1,"featured_media":5392,"comment_status":"open","ping_status":"open","sticky":false,"template":"","format":"standard","meta":[],"categories":[1],"tags":[],"_links":{"self":[{"href":"https:\/\/aproin.com\/index.php\/wp-json\/wp\/v2\/posts\/5389"}],"collection":[{"href":"https:\/\/aproin.com\/index.php\/wp-json\/wp\/v2\/posts"}],"about":[{"href":"https:\/\/aproin.com\/index.php\/wp-json\/wp\/v2\/types\/post"}],"author":[{"embeddable":true,"href":"https:\/\/aproin.com\/index.php\/wp-json\/wp\/v2\/users\/1"}],"replies":[{"embeddable":true,"href":"https:\/\/aproin.com\/index.php\/wp-json\/wp\/v2\/comments?post=5389"}],"version-history":[{"count":1,"href":"https:\/\/aproin.com\/index.php\/wp-json\/wp\/v2\/posts\/5389\/revisions"}],"predecessor-version":[{"id":5393,"href":"https:\/\/aproin.com\/index.php\/wp-json\/wp\/v2\/posts\/5389\/revisions\/5393"}],"wp:featuredmedia":[{"embeddable":true,"href":"https:\/\/aproin.com\/index.php\/wp-json\/wp\/v2\/media\/5392"}],"wp:attachment":[{"href":"https:\/\/aproin.com\/index.php\/wp-json\/wp\/v2\/media?parent=5389"}],"wp:term":[{"taxonomy":"category","embeddable":true,"href":"https:\/\/aproin.com\/index.php\/wp-json\/wp\/v2\/categories?post=5389"},{"taxonomy":"post_tag","embeddable":true,"href":"https:\/\/aproin.com\/index.php\/wp-json\/wp\/v2\/tags?post=5389"}],"curies":[{"name":"wp","href":"https:\/\/api.w.org\/{rel}","templated":true}]}}