{"id":5394,"date":"2026-03-13T12:02:35","date_gmt":"2026-03-13T11:02:35","guid":{"rendered":"https:\/\/aproin.com\/?p=5394"},"modified":"2026-03-13T12:02:36","modified_gmt":"2026-03-13T11:02:36","slug":"aproin-premia-tres-edificios-de-vigo-y-su-area","status":"publish","type":"post","link":"https:\/\/aproin.com\/index.php\/aproin-premia-tres-edificios-de-vigo-y-su-area\/","title":{"rendered":"Aproin premia tres edificios de Vigo y su \u00e1rea"},"content":{"rendered":"\n<figure class=\"wp-block-image size-large\"><img loading=\"lazy\" width=\"683\" height=\"1024\" src=\"https:\/\/aproin.com\/wp-content\/uploads\/2026\/03\/40-683x1024.jpg\" alt=\"\" class=\"wp-image-5396\" srcset=\"https:\/\/aproin.com\/wp-content\/uploads\/2026\/03\/40-683x1024.jpg 683w, https:\/\/aproin.com\/wp-content\/uploads\/2026\/03\/40-200x300.jpg 200w, https:\/\/aproin.com\/wp-content\/uploads\/2026\/03\/40-768x1151.jpg 768w, https:\/\/aproin.com\/wp-content\/uploads\/2026\/03\/40-1025x1536.jpg 1025w, https:\/\/aproin.com\/wp-content\/uploads\/2026\/03\/40-1366x2048.jpg 1366w, https:\/\/aproin.com\/wp-content\/uploads\/2026\/03\/40-scaled.jpg 1708w\" sizes=\"(max-width: 683px) 100vw, 683px\" \/><figcaption>Alex Fdez-Llamazares <\/figcaption><\/figure>\n\n\n\n<p><strong>Los XXX Premios Aproin se entregar\u00e1n el pr\u00f3ximo 26 de marzo en el C\u00edrculo de Empresarios de Galicia, en Vigo, y ya se conocen las propuestas ganadora<\/strong>s<br>Atl\u00e1ntico<\/p>\n\n\n\n<p>Los XXX Premios Aproin (Asociaci\u00f3n de Promotores Inmobiliarios de Pontevedra) premian a tres edificios de Vigo y su \u00e1rea. Tras analizar las propuestas presentadas, el jurado ha decidido otorgar el Premio Aproin 2025 a la <strong>mejor actuaci\u00f3n inmobiliaria de obra nueva a la promotora Urbavigo, S.L.,<\/strong> por la construcci\u00f3n de nueve viviendas situadas en la zona de Canido. El estudio de arquitectura que ha llevado a cabo este proyecto es Pereiro Arquitectos, de Vigo.<\/p>\n\n\n\n<p>El galard\u00f3n a <strong>mejor rehabilitaci\u00f3n residencial es para la empresa Grupo Herculina,<\/strong> por el edificio situado en la calle Nicaragua 43-45 de Vigo. El arquitecto encargado de la obra fue Jos\u00e9 Antonio Comesa\u00f1a Garc\u00eda.<br><br>En cuanto a la <strong>mejor rehabilitaci\u00f3n no residencial, el premio es para la restauraci\u00f3n del Faro Grande de Cabo Silleiro<\/strong>, en la carretera de Baiona, siendo el arquitecto proyectista de la obra Pedro de la Puente Crespo. El de mejor actuaci\u00f3n inmobiliaria de obra nueva no residencial, ha quedado desierto.<\/p>\n\n\n\n<p>Qued\u00f3 desierto el premio a la mejor actuaci\u00f3n inmobiliaria de obra nueva no residencial.<\/p>\n\n\n\n<p>El jurado, que se encarg\u00f3 de analizar todas las edificaciones presentadas y seleccionar los tres ganadores, est\u00e1 integrado por el exrector de la UVigo Luis Espada Recarey, como presidente, y el ingeniero industrial Javier de la Puente Crespo, los arquitectos Javier Rivas Barros y Rub\u00e9n Inchaurraga Ruiz y el arquitecto t\u00e9cnico Antonio Carballo Cou\u00f1ago. En las \u00faltimas tres d\u00e9cadas, los Premios Aproin distinguieron iniciativas que destacan no s\u00f3lo por su dise\u00f1o y calidad constructiva, sino tambi\u00e9n por su contribuci\u00f3n a la mejora del paisaje urbano y de la calidad de la vida de las personas. \u201cLa promoci\u00f3n inmobiliaria de calidad es una pieza clave en la construcci\u00f3n de ciudades m\u00e1s bellas, sostenibles y habitables y estos premios reconocen igualmente el trabajo de los profesionales que, con su talento, esfuerzo y visi\u00f3n, hacen posible ese progreso\u201d, reza la asociaci\u00f3n en el comunicado emitido ayer para anunciar el fallo del jurado.<\/p>\n\n\n\n<p>La entrega de premios se celebrar\u00e1 el pr\u00f3ximo 26 de marzo a las 18 horas en el C\u00edrculo de Empresarios de Galicia, en Vigo. El presidente de la Xunta, Alfonso Rueda, ser\u00e1 el encargado de entregar las distinciones.<\/p>\n","protected":false},"excerpt":{"rendered":"<p>Los XXX Premios Aproin se entregar\u00e1n el pr\u00f3ximo 26 de marzo en el C\u00edrculo de Empresarios de Galicia, en Vigo, y ya&#8230;<\/p>\n","protected":false},"author":1,"featured_media":5395,"comment_status":"open","ping_status":"open","sticky":false,"template":"","format":"standard","meta":[],"categories":[1],"tags":[],"_links":{"self":[{"href":"https:\/\/aproin.com\/index.php\/wp-json\/wp\/v2\/posts\/5394"}],"collection":[{"href":"https:\/\/aproin.com\/index.php\/wp-json\/wp\/v2\/posts"}],"about":[{"href":"https:\/\/aproin.com\/index.php\/wp-json\/wp\/v2\/types\/post"}],"author":[{"embeddable":true,"href":"https:\/\/aproin.com\/index.php\/wp-json\/wp\/v2\/users\/1"}],"replies":[{"embeddable":true,"href":"https:\/\/aproin.com\/index.php\/wp-json\/wp\/v2\/comments?post=5394"}],"version-history":[{"count":1,"href":"https:\/\/aproin.com\/index.php\/wp-json\/wp\/v2\/posts\/5394\/revisions"}],"predecessor-version":[{"id":5397,"href":"https:\/\/aproin.com\/index.php\/wp-json\/wp\/v2\/posts\/5394\/revisions\/5397"}],"wp:featuredmedia":[{"embeddable":true,"href":"https:\/\/aproin.com\/index.php\/wp-json\/wp\/v2\/media\/5395"}],"wp:attachment":[{"href":"https:\/\/aproin.com\/index.php\/wp-json\/wp\/v2\/media?parent=5394"}],"wp:term":[{"taxonomy":"category","embeddable":true,"href":"https:\/\/aproin.com\/index.php\/wp-json\/wp\/v2\/categories?post=5394"},{"taxonomy":"post_tag","embeddable":true,"href":"https:\/\/aproin.com\/index.php\/wp-json\/wp\/v2\/tags?post=5394"}],"curies":[{"name":"wp","href":"https:\/\/api.w.org\/{rel}","templated":true}]}}