{"id":5400,"date":"2026-03-16T08:50:17","date_gmt":"2026-03-16T07:50:17","guid":{"rendered":"https:\/\/aproin.com\/?p=5400"},"modified":"2026-03-16T08:50:18","modified_gmt":"2026-03-16T07:50:18","slug":"luz-verde-en-vigo-a-una-inversion-superior-al-millon-de-euros-para-levantar-un-edificio-de-viviendas","status":"publish","type":"post","link":"https:\/\/aproin.com\/index.php\/luz-verde-en-vigo-a-una-inversion-superior-al-millon-de-euros-para-levantar-un-edificio-de-viviendas\/","title":{"rendered":"Luz verde en Vigo a una inversi\u00f3n superior al mill\u00f3n de euros para levantar un edificio de viviendas"},"content":{"rendered":"\n<p><br>La promotora ha proyectado el inmueble en la traves\u00eda do Pino y cuenta ya con todos los informes favorables para conseguir la licencia<\/p>\n\n\n\n<p>Pablo Gal\u00e1n \/ Faro de Vigo<br><\/p>\n\n\n\n<p><strong>Las promotoras inmobiliarias contin\u00faan dando pasos para engordar la oferta residencial en la ciudad de Vigo al amparo del nuevo Plan Xeral de Ordenaci\u00f3n Municipal (PXOM)<\/strong> despu\u00e9s de a\u00f1os en los que la vivienda de nueva construcci\u00f3n cay\u00f3 a m\u00ednimos. La Gerencia de Urbanismo conceder\u00e1 pr\u00f3ximamente la licencia a la entidad Promociones e Inversiones de Valdeorras para la construcci\u00f3n de un edificio para seis viviendas en la traves\u00eda do Pino 6, un proyecto que cuenta con un presupuesto superior al mill\u00f3n de euros.<\/p>\n\n\n\n<p>La documentaci\u00f3n presentada por la empresa contempla una actuaci\u00f3n sobre una parcela de 384 metros cuadrados situada en suelo urbano no consolidado, seg\u00fan el PXOM. El edificio que se construir\u00e1 tendr\u00e1 cuatro plantas (\u00e1tico incluido) en las que se distribuir\u00e1n las seis viviendas recogidas en el proyecto, firmado por el <strong>arquitecto Jos\u00e9 Antonio Comesa\u00f1a. <\/strong>Adem\u00e1s, se prev\u00e9 la habilitaci\u00f3n de dos s\u00f3tanos para disponer de hasta 18 plazas de aparcamiento, mientras que en la planta baja del inmueble estar\u00e1n las zonas comunes y un local comercial. La superficie total a construir roza los 2.150 metros cuadrados.<\/p>\n","protected":false},"excerpt":{"rendered":"<p>La promotora ha proyectado el inmueble en la traves\u00eda do Pino y cuenta ya con todos los informes favorables para conseguir la&#8230;<\/p>\n","protected":false},"author":1,"featured_media":5221,"comment_status":"open","ping_status":"open","sticky":false,"template":"","format":"standard","meta":[],"categories":[1],"tags":[],"_links":{"self":[{"href":"https:\/\/aproin.com\/index.php\/wp-json\/wp\/v2\/posts\/5400"}],"collection":[{"href":"https:\/\/aproin.com\/index.php\/wp-json\/wp\/v2\/posts"}],"about":[{"href":"https:\/\/aproin.com\/index.php\/wp-json\/wp\/v2\/types\/post"}],"author":[{"embeddable":true,"href":"https:\/\/aproin.com\/index.php\/wp-json\/wp\/v2\/users\/1"}],"replies":[{"embeddable":true,"href":"https:\/\/aproin.com\/index.php\/wp-json\/wp\/v2\/comments?post=5400"}],"version-history":[{"count":1,"href":"https:\/\/aproin.com\/index.php\/wp-json\/wp\/v2\/posts\/5400\/revisions"}],"predecessor-version":[{"id":5401,"href":"https:\/\/aproin.com\/index.php\/wp-json\/wp\/v2\/posts\/5400\/revisions\/5401"}],"wp:featuredmedia":[{"embeddable":true,"href":"https:\/\/aproin.com\/index.php\/wp-json\/wp\/v2\/media\/5221"}],"wp:attachment":[{"href":"https:\/\/aproin.com\/index.php\/wp-json\/wp\/v2\/media?parent=5400"}],"wp:term":[{"taxonomy":"category","embeddable":true,"href":"https:\/\/aproin.com\/index.php\/wp-json\/wp\/v2\/categories?post=5400"},{"taxonomy":"post_tag","embeddable":true,"href":"https:\/\/aproin.com\/index.php\/wp-json\/wp\/v2\/tags?post=5400"}],"curies":[{"name":"wp","href":"https:\/\/api.w.org\/{rel}","templated":true}]}}