{"id":5405,"date":"2026-03-20T09:04:19","date_gmt":"2026-03-20T08:04:19","guid":{"rendered":"https:\/\/aproin.com\/?p=5405"},"modified":"2026-03-20T09:04:20","modified_gmt":"2026-03-20T08:04:20","slug":"cambio-de-planes-para-el-louvre-de-vigo-acogera-14-apartamentos-turisticos","status":"publish","type":"post","link":"https:\/\/aproin.com\/index.php\/cambio-de-planes-para-el-louvre-de-vigo-acogera-14-apartamentos-turisticos\/","title":{"rendered":"Cambio de planes para \u00abEl Louvre de Vigo\u00bb: acoger\u00e1 14 apartamentos tur\u00edsticos"},"content":{"rendered":"\n<p><br><strong>La sociedad del director general del Hotel Nagari traza un futuro diferente al de la propiedad anterior, que preve\u00eda 7 viviendas<\/strong><br>Infograf\u00eda que muestra c\u00f3mo lucir\u00e1 El Louvre una vez finalizada la reforma del edificio.<br>Borja Melchor \/ Faro de Vigo<\/p>\n\n\n\n<p>El coraz\u00f3n de la ciudad cerrar\u00e1 una herida que lleva abierta d\u00e9cadas. Lo har\u00e1 ampliando la oferta de alojamientos destinados a visitantes, que crece con el paso de los meses debido al bum vivido por Vigo gracias a la Navidad, las playas o las islas C\u00edes, un tesoro cada vez m\u00e1s conocido. Impulsa la actuaci\u00f3n la sociedad Faneca Investments, cuyo CEO es <strong>David Otero, director general del Hotel Nagari,<\/strong> ubicado en la Praza de Compostela. Dedicar\u00e1 en torno a 3 millones de euros para rehabilitar el emblem\u00e1tico El Louvre, en el n\u00famero 4 de Porta do Sol, haciendo esquina con la calle Carral, para alumbrar 14 apartamentos tur\u00edsticos con calidades \u00abde cinco estrellas\u00bb: 12 de cuatro personas y dos de seis.<\/p>\n\n\n\n<p><strong>El encargado de dar forma a la renovaci\u00f3n es el arquitecto Alfonso Penela,<\/strong> que tambi\u00e9n pone su firma en el nuevo Barrio do Cura y presume de la Ciudad de la Justicia de Vigo. El objetivo de la propiedad es tener listo el complejo, que ser\u00e1 de dos llaves (el m\u00e1ximo es de tres), a finales de 2027 o comienzos de 2028.<\/p>\n\n\n\n<p>Los trabajos de vaciado ya est\u00e1n en marcha, pero queda pendiente de definir el proyecto de ejecuci\u00f3n. La previsi\u00f3n que maneja la sociedad es que las obras se prolonguen un a\u00f1o y medio. La intervenci\u00f3n permitir\u00e1 que el inmueble vuelva a brillar como lo hizo anta\u00f1o, como se ve en la infograf\u00eda que acompa\u00f1a a esta informaci\u00f3n, ya que se respetar\u00e1n sus tesoros arquitect\u00f3nicos.<\/p>\n\n\n\n<p>\u00abHay demanda de espacios de este tipo, con su cocina, su sal\u00f3n\u2026 Es decir, m\u00e1s independencia\u00bb, destacan desde <strong>Faneca Investments SL,<\/strong> que deber\u00e1 lograr la licencia municipal para la rehabilitaci\u00f3n una vez disponga del proyecto de ejecuci\u00f3n. Ya cuenta con el visto bueno del departamento de Patrimonio de la Xunta. Defiende la sociedad que se trata de una apuesta por \u00abgenerar riqueza\u00bb para la ciudad.<\/p>\n\n\n\n<p>Aseguran que el factor humano, \u00abcomo sucede en el Nagari, ser\u00e1 muy importante\u00bb. \u00abNo es un negocio de especulaci\u00f3n. Vigo est\u00e1 en un momento de crecimiento tur\u00edstico y daremos trabajo a gente de aqu\u00ed\u00bb, trasladan. Los apartamentos tur\u00edsticos se repartir\u00e1n en dos plantas, por lo que quedar\u00e1 la bajocubierta para servicios.<\/p>\n\n\n\n<p>La entrada al edificio se efectuar\u00e1 por Porta do Sol y habr\u00e1 ascensor. La propiedad prev\u00e9 ofrecer a los hu\u00e9spedes gimnasio y spa para mejorar la experiencia y ya ha cerrado un acuerdo con el parking subterr\u00e1neo de la calle Policarpo Sanz para ofrecer plazas a los clientes. La rehabilitaci\u00f3n del edificio, ubicado \u00aben el mejor sitio de la ciudad\u00bb, contribuir\u00e1 a la revitalizaci\u00f3n de una zona que se ha convertido en un punto de referencia para vecinos y visitantes tras su peatonalizaci\u00f3n.<\/p>\n\n\n\n<p>El negocio, que mantendr\u00e1 el nombre de El Louvre, reforzar\u00e1 el cat\u00e1logo de apartamentos tur\u00edsticos de la urbe: seg\u00fan el registro de la Xunta, hay 785 plazas actualmente repartidas en una decena de establecimientos.<\/p>\n\n\n\n<p>Este proyecto supone un cambio de planes para el hist\u00f3rico edificio, de 1892 y proyectado por Alejandro Sesmero. Acogi\u00f3 un negocio que ofrec\u00eda todos los adelantos del comercio moderno, llegados de diferentes partes de Europa, con Par\u00eds como referencia, de ah\u00ed el nombre, pero tambi\u00e9n de otras urbes, como Londres. Atesoraba ropa blanca de lujo, blusas, canastillas, echarpes o vestidos de sociedad. Empez\u00f3 a latir hace algo m\u00e1s de 110 a\u00f1os y cerr\u00f3 en los 70. En septiembre de 2022, como public\u00f3 FARO, la intenci\u00f3n de la propiedad en ese momento, la mercantil Amade SL, era crear siete viviendas.<\/p>\n\n\n\n<p><em>lectura completa solo para suscriptores&#8230;<\/em><\/p>\n","protected":false},"excerpt":{"rendered":"<p>La sociedad del director general del Hotel Nagari traza un futuro diferente al de la propiedad anterior, que preve\u00eda 7 viviendasInfograf\u00eda que&#8230;<\/p>\n","protected":false},"author":1,"featured_media":5406,"comment_status":"open","ping_status":"open","sticky":false,"template":"","format":"standard","meta":[],"categories":[1],"tags":[],"_links":{"self":[{"href":"https:\/\/aproin.com\/index.php\/wp-json\/wp\/v2\/posts\/5405"}],"collection":[{"href":"https:\/\/aproin.com\/index.php\/wp-json\/wp\/v2\/posts"}],"about":[{"href":"https:\/\/aproin.com\/index.php\/wp-json\/wp\/v2\/types\/post"}],"author":[{"embeddable":true,"href":"https:\/\/aproin.com\/index.php\/wp-json\/wp\/v2\/users\/1"}],"replies":[{"embeddable":true,"href":"https:\/\/aproin.com\/index.php\/wp-json\/wp\/v2\/comments?post=5405"}],"version-history":[{"count":1,"href":"https:\/\/aproin.com\/index.php\/wp-json\/wp\/v2\/posts\/5405\/revisions"}],"predecessor-version":[{"id":5407,"href":"https:\/\/aproin.com\/index.php\/wp-json\/wp\/v2\/posts\/5405\/revisions\/5407"}],"wp:featuredmedia":[{"embeddable":true,"href":"https:\/\/aproin.com\/index.php\/wp-json\/wp\/v2\/media\/5406"}],"wp:attachment":[{"href":"https:\/\/aproin.com\/index.php\/wp-json\/wp\/v2\/media?parent=5405"}],"wp:term":[{"taxonomy":"category","embeddable":true,"href":"https:\/\/aproin.com\/index.php\/wp-json\/wp\/v2\/categories?post=5405"},{"taxonomy":"post_tag","embeddable":true,"href":"https:\/\/aproin.com\/index.php\/wp-json\/wp\/v2\/tags?post=5405"}],"curies":[{"name":"wp","href":"https:\/\/api.w.org\/{rel}","templated":true}]}}