{"id":5412,"date":"2026-03-27T08:59:38","date_gmt":"2026-03-27T07:59:38","guid":{"rendered":"https:\/\/aproin.com\/?p=5412"},"modified":"2026-03-27T08:59:39","modified_gmt":"2026-03-27T07:59:39","slug":"los-promotores-reclaman-se-libere-suelo-en-vigo-para-abaratar-los-pisos-500-euros-por-metro-cuadrado","status":"publish","type":"post","link":"https:\/\/aproin.com\/index.php\/los-promotores-reclaman-se-libere-suelo-en-vigo-para-abaratar-los-pisos-500-euros-por-metro-cuadrado\/","title":{"rendered":"Los promotores reclaman se libere suelo en Vigo para abaratar los pisos 500 euros por metro cuadrado"},"content":{"rendered":"\n<p><br>Luis Calos Llera \/ La Voz de Galicia<\/p>\n\n\n\n<p><strong>Los Premios Aproin reconocen la rehabilitaci\u00f3n de Faro Silleiro y de dos edificios, uno en Canido y otro en la calle Nicaragua<\/strong><\/p>\n\n\n\n<p>Los promotores de Vigo denuncian las restricciones que causan la carest\u00eda del suelo, que se repercute en el alto coste de la vivienda, de manera que no es asequible para la clase media. Lo hicieron hoy en la gala de entrega de los Premios Aproin 2025, la asociaci\u00f3n de promotores inmobiliarios de la provincia de Pontevedra, a la que asisti\u00f3 el presidente de la Xunta, Alfonso Rueda. El mandatario gallego presidi\u00f3 los reconocimientos al mejor edificio residencial de nueva construcci\u00f3n, un inmueble alzado en primera l\u00ednea de playa en Canido; a la mejor rehabilitaci\u00f3n residencial, en la calle Nicaragua; y a la mejor recuperaci\u00f3n de un edificio para usos hoteleros, el faro Silleiro que limita Baiona.<\/p>\n\n\n\n<p>En Canido se ha construido un edificio residencial de nueve viviendas con piscina y altas calidades. Fue proyectado por Sim\u00f3n Pereiro y lo ejecut\u00f3 la constructora Ypegal. En la calle Nicaragua 43 y 45, el grupo Herculina rehabilit\u00f3 una construcci\u00f3n de 1965 para transformarla en 22 nuevas viviendas. En el faro Silleiro, Pedro de la Puente ha conservado el uso del faro y se ha creado un hotel de 17 habitaciones de alto standing.<\/p>\n\n\n\n<p>Rueda habl\u00f3 de la pol\u00edtica de la Xunta y reconoci\u00f3 el problema que existe. Prometi\u00f3 \u00ab4.000 viviendas de promoci\u00f3n p\u00fablica hasta el 2028 y 6.000 en seis a\u00f1os\u00bb, con el objetivo a largo plazo de conseguir 25.000 pisos nuevos en Galicia con la colaboraci\u00f3n privada hasta el 2030. \u00abLa parte privada tiene que responder. Hay que hacer pisos de promoci\u00f3n p\u00fablica de manera urgente, nosotros los estamos haciendo en Navia. Otros hablan, pero no hacen\u00bb, dijo en alusi\u00f3n al alcalde vigu\u00e9s, Abel Caballero.<\/p>\n\n\n\n<p>El presidente de Aproin, Javier Garrido, dijo que cuando se hizo la primera entrega de los premios, hace 30 a\u00f1os, un vigu\u00e9s con sueldo medio ten\u00eda que gastarse ocho a\u00f1os de salario en comprar una vivienda. \u00abAhora son 15 a\u00f1os\u00bb, apunt\u00f3. Garrido alab\u00f3 la pol\u00edtica de vivienda p\u00fablica que est\u00e1 haciendo la Xunta para que haya m\u00e1s oferta en el mercado.<\/p>\n\n\n\n<p><br>El promotor premiado por el edificio de Canido, Federico Fern\u00e1ndezCervera, arquitecto t\u00e9cnico de profesi\u00f3n y due\u00f1o de Urbavigo junto con Willy Bruzon, puso el dedo en la llaga: \u00abLa vivienda en Vigo tiene precios insostenibles por falta de suelo\u00bb. Asegur\u00f3 que el coste de un metro de vivienda nueva de calidad es de 2.400 euros, a los que hay que sumar honorarios, gastos\u2026 Con lo que \u00abal final sale por 2.650 euros el metro. \u00a1Y no he puesto el margen de los promotores!\u00bb. \u00abCon estos precios, mi hijo, que es aparejador, y su mujer, que es farmac\u00e9utica, no se pueden costear una vivienda porque hay que tener ahorrados 175.000 euros de entrada. Pero mientras haya ricos seguiremos construyendo\u00bb, prosigui\u00f3. Afirm\u00f3 tambi\u00e9n que hay una inmigraci\u00f3n creciente \u00aby necesaria\u00bb que necesita viviendas: \u00abTenemos los dos extremos, los ricos y los desfavorecidos\u00bb. \u00abBusco remover conciencias\u00bb, dijo en medio de los aplausos de los asistentes a la gala en el C\u00edrculo de Empresarios. Uno de los problemas, a su juicio, es que el Plan Xeral de Vigo \u00abes m\u00e1s restrictivo\u00bb a la hora de construir que el anterior. \u00abLa repercusi\u00f3n del precio del suelo en el coste final puede mejorar si se acometen suelos urbanizables\u00bb. Por eso pidi\u00f3 a las administraciones que sean conscientes de que \u00abpermitir\u00eda bajar 500 euros el metro\u00bb.<\/p>\n\n\n\n<p>El jurado de los premios Aproin estuvo presidido por Luis Espada y formado por reconocidos profesionales. Al acto tambi\u00e9n asisti\u00f3 la conselleira Mar\u00eda Mart\u00ednez Allegue.<\/p>\n","protected":false},"excerpt":{"rendered":"<p>Luis Calos Llera \/ La Voz de Galicia Los Premios Aproin reconocen la rehabilitaci\u00f3n de Faro Silleiro y de dos edificios, uno&#8230;<\/p>\n","protected":false},"author":1,"featured_media":5413,"comment_status":"open","ping_status":"open","sticky":false,"template":"","format":"standard","meta":[],"categories":[1],"tags":[],"_links":{"self":[{"href":"https:\/\/aproin.com\/index.php\/wp-json\/wp\/v2\/posts\/5412"}],"collection":[{"href":"https:\/\/aproin.com\/index.php\/wp-json\/wp\/v2\/posts"}],"about":[{"href":"https:\/\/aproin.com\/index.php\/wp-json\/wp\/v2\/types\/post"}],"author":[{"embeddable":true,"href":"https:\/\/aproin.com\/index.php\/wp-json\/wp\/v2\/users\/1"}],"replies":[{"embeddable":true,"href":"https:\/\/aproin.com\/index.php\/wp-json\/wp\/v2\/comments?post=5412"}],"version-history":[{"count":1,"href":"https:\/\/aproin.com\/index.php\/wp-json\/wp\/v2\/posts\/5412\/revisions"}],"predecessor-version":[{"id":5414,"href":"https:\/\/aproin.com\/index.php\/wp-json\/wp\/v2\/posts\/5412\/revisions\/5414"}],"wp:featuredmedia":[{"embeddable":true,"href":"https:\/\/aproin.com\/index.php\/wp-json\/wp\/v2\/media\/5413"}],"wp:attachment":[{"href":"https:\/\/aproin.com\/index.php\/wp-json\/wp\/v2\/media?parent=5412"}],"wp:term":[{"taxonomy":"category","embeddable":true,"href":"https:\/\/aproin.com\/index.php\/wp-json\/wp\/v2\/categories?post=5412"},{"taxonomy":"post_tag","embeddable":true,"href":"https:\/\/aproin.com\/index.php\/wp-json\/wp\/v2\/tags?post=5412"}],"curies":[{"name":"wp","href":"https:\/\/api.w.org\/{rel}","templated":true}]}}