{"id":5418,"date":"2026-03-27T10:03:45","date_gmt":"2026-03-27T09:03:45","guid":{"rendered":"https:\/\/aproin.com\/?p=5418"},"modified":"2026-03-27T10:03:45","modified_gmt":"2026-03-27T09:03:45","slug":"rueda-es-urgentisimo-hacer-vivienda-de-promocion-publica","status":"publish","type":"post","link":"https:\/\/aproin.com\/index.php\/rueda-es-urgentisimo-hacer-vivienda-de-promocion-publica\/","title":{"rendered":"Rueda: \u201cEs urgent\u00edsimo hacer vivienda de promoci\u00f3n p\u00fablica\u201d"},"content":{"rendered":"\n<p><br><strong>Las reivindicaciones sobre los precios de la vivienda protagonizaron los premios de los promotores inmobiliarios, que celebraron ayer su trig\u00e9sima edici\u00f3n en Vigo<\/strong><\/p>\n\n\n\n<p>Como ya es costumbre cada a\u00f1o, la <strong>Asociaci\u00f3n de Promotores Inmobiliarios de Pontevedra (Aproin)<\/strong> entreg\u00f3 ayer los premios a los mejores edificios construidos o rehabilitados en el a\u00f1o 2025. En este caso, la ocasi\u00f3n fue m\u00e1s especial de lo habitual debido a que los galardones celebran su trig\u00e9sima edici\u00f3n. Una edici\u00f3n en la que, como ya viene siendo habitual, las construcciones premiadas se ubicaron en Vigo y su \u00e1rea.<\/p>\n\n\n\n<p>El sal\u00f3n de actos del C\u00edrculo de Empresarios, abarrotado en la tarde de ayer, acogi\u00f3 la entrega de premios en la que hubo una importante representaci\u00f3n empresarial, pero tambi\u00e9n institucional al contar con la presencia del presidente de la Xunta, Alfonso Rueda; la conselleira de Vivenda, Mar\u00eda Allegue; la concejala de Urbanismo, Mar\u00eda Jos\u00e9 Caride; la delegada de la Xunta en Vigo, Ana Ortiz; el presidente de la Diputaci\u00f3n, Luis L\u00f3pez; o el presidente de la Autoridad Portuaria de Vigo, Carlos Botana.<\/p>\n\n\n\n<p>Esta fue la primera gala de entrega celebrada tras la aprobaci\u00f3n del PGOM y un tema sobrevol\u00f3 la mayor\u00eda de las intervenciones, tanto de autoridades como de los premiados: el problema del precio de la vivienda en Vigo por la falta de suelo, entre otros factores, y la construcci\u00f3n de vivienda protegida.<\/p>\n\n\n\n<p>El presidente de la Xunta, Alfonso Rueda, intervino al final de la entrega para felicitar a los premiados, poni\u00e9ndolos como ejemplo de la calidad del sector de la construcci\u00f3n gallego, \u201cque est\u00e1 por encima de la media\u201d. Recogiendo el guante no s\u00f3lo del <strong>presidente de Aproin, Javier Garrido<\/strong>, sino tambi\u00e9n de alguno de los promotores que recogieron sus galardones, se quiso referir al problema de la vivienda: \u201cEs un problema fundamental, sin duda, y no hay m\u00e1s que salir a la calle para darse cuenta\u201d. Por eso, asegur\u00f3, \u201ces urgent\u00edsimo hacer vivienda de promoci\u00f3n p\u00fablica\u201d.<\/p>\n\n\n\n<p>Rueda aprovech\u00f3 la ocasi\u00f3n para recordar los esfuerzos que el Gobierno gallego est\u00e1 haciendo precisamente en ese campo, en el que se comprometi\u00f3 a construir 10.000 viviendas de promoci\u00f3n p\u00fablica hasta 2025; y con 12 proyectos de inter\u00e9s auton\u00f3mico (en Vigo, el Ofim\u00e1tico) donde espera, de mano de los promotores, a los que ofreci\u00f3 colaboraci\u00f3n, llegar a 25.000.<\/p>\n\n\n\n<p><strong>De un faro en Baiona a chal\u00e9s en Canido<\/strong><br>La relaci\u00f3n de premiados se conoc\u00eda con anterioridad y a lo largo de la gala de entrega se hizo un peque\u00f1o repaso a los tres inmuebles galardonados: dos a las mejores rehabilitaciones (residencial y no residencial) y uno a la mejor construcci\u00f3n nueva (s\u00f3lo residencial, quedando desierto el no residencial). <strong>El Faro Silleiro, en Baiona<\/strong>, se llev\u00f3 el premio a la mejor rehabilitaci\u00f3n no residencial, una obra que mantuvo la operatividad del faro y \u2018vaci\u00f3\u2019 los interiores aportando maquinaria m\u00e1s eficiente, lo que permiti\u00f3 dedicarlos a otros usos. La mejor rehabilitaci\u00f3n residencial fue a parar a dos edificios de calle Nicaragua donde se recuperaron 22 viviendas de un inmueble de 1965. La mejor obra nueva residencial fue para una urbanizaci\u00f3n de 9 viviendas en Canido.<\/p>\n\n\n\n<p><br><strong>Aproin premia tres edificios de Vigo y su \u00e1rea<\/strong><br><strong>Estas viviendas de Canido han conseguido el Premio Aproin 2025 a la mejor actuaci\u00f3n inmobiliaria de obra nueva.<\/strong><br>Garrido: \u201cNo dan las cuentas en las promociones p\u00fablicas\u201d<br>Al igual que la del presidente auton\u00f3mico, la comparecencia del presidente de Aproin, Javier Garrido, estuvo muy marcada por el problema del precio de la vivienda. El representante de los promotores aprovech\u00f3 la efem\u00e9ride de los premios para retrotraerse 30 a\u00f1os en el tiempo: \u201cEn el 1996 un piso normal en Vigo costaba 13 millones de pesetas (78.000 euros aprox) y una persona con el salario medio tardaba en pagarlo unos 8 a\u00f1os. Ese mismo piso hoy en d\u00eda se tarda hasta 15 a\u00f1os en pagar con el salario medio\u201d.<\/p>\n\n\n\n<p>Garrido tambi\u00e9n indic\u00f3 que parte de la historia y del esp\u00edritu de los premios Aproin tiene un car\u00e1cter reivindicativo: \u201cHemos sido machacones diciendo que la presi\u00f3n de la demanda era cada vez mayor y ahora la vivienda es una de las mayores preocupaciones\u201d, se\u00f1al\u00f3. Adem\u00e1s, apunt\u00f3 que para los promotores est\u00e1 siendo \u201cdif\u00edcil encajar los n\u00fameros para que la vivienda de promoci\u00f3n p\u00fablica sea un negocio atractivo\u201d.<\/p>\n\n\n\n<p><strong>\u201cEl esp\u00edritu de los premios Aproin no cambi\u00f3 en estos 30 a\u00f1os\u201d<\/strong><br>El presidente del jurado de los premios Aproin, el exrector de la UVigo Luis Espada, mencion\u00f3 lo destacado de llegar a 30 ediciones y asegur\u00f3 que \u201cel esp\u00edritu de los premios sigue siendo el mismo que hace 30 a\u00f1os aunque hayamos cambiado de metodolog\u00eda\u201d, ya que antes se analizaban cada uno de los elementos arquitect\u00f3nicos por separado y se sumaba su puntuaci\u00f3n mientras que ahora se opta por valorar la obra en su conjunto.<\/p>\n\n\n\n<p>\u201cReflexi\u00f3n y constancia constituyen las bases del \u00e9xito profesional\u201d, indic\u00f3 Espada en relaci\u00f3n a los premiados, de los que destac\u00f3 que \u201cse esforzaron por trabajar m\u00e1s y mejor ofreciendo calidad en sus obras\u201d.<\/p>\n\n\n\n<p>Por su parte, la presidenta del C\u00edrculo de Empresarios, Mar\u00eda Borr\u00e1s, felicit\u00f3 a los promotores por los 30 a\u00f1os de premios: \u201cNo se consigue por inercia, detr\u00e1s hay un sector s\u00f3lido y una asociaci\u00f3n fuerte\u201d, dijo refiri\u00e9ndose a Aproin.<\/p>\n","protected":false},"excerpt":{"rendered":"<p>Las reivindicaciones sobre los precios de la vivienda protagonizaron los premios de los promotores inmobiliarios, que celebraron ayer su trig\u00e9sima edici\u00f3n en&#8230;<\/p>\n","protected":false},"author":1,"featured_media":5416,"comment_status":"open","ping_status":"open","sticky":false,"template":"","format":"standard","meta":[],"categories":[1],"tags":[],"_links":{"self":[{"href":"https:\/\/aproin.com\/index.php\/wp-json\/wp\/v2\/posts\/5418"}],"collection":[{"href":"https:\/\/aproin.com\/index.php\/wp-json\/wp\/v2\/posts"}],"about":[{"href":"https:\/\/aproin.com\/index.php\/wp-json\/wp\/v2\/types\/post"}],"author":[{"embeddable":true,"href":"https:\/\/aproin.com\/index.php\/wp-json\/wp\/v2\/users\/1"}],"replies":[{"embeddable":true,"href":"https:\/\/aproin.com\/index.php\/wp-json\/wp\/v2\/comments?post=5418"}],"version-history":[{"count":1,"href":"https:\/\/aproin.com\/index.php\/wp-json\/wp\/v2\/posts\/5418\/revisions"}],"predecessor-version":[{"id":5419,"href":"https:\/\/aproin.com\/index.php\/wp-json\/wp\/v2\/posts\/5418\/revisions\/5419"}],"wp:featuredmedia":[{"embeddable":true,"href":"https:\/\/aproin.com\/index.php\/wp-json\/wp\/v2\/media\/5416"}],"wp:attachment":[{"href":"https:\/\/aproin.com\/index.php\/wp-json\/wp\/v2\/media?parent=5418"}],"wp:term":[{"taxonomy":"category","embeddable":true,"href":"https:\/\/aproin.com\/index.php\/wp-json\/wp\/v2\/categories?post=5418"},{"taxonomy":"post_tag","embeddable":true,"href":"https:\/\/aproin.com\/index.php\/wp-json\/wp\/v2\/tags?post=5418"}],"curies":[{"name":"wp","href":"https:\/\/api.w.org\/{rel}","templated":true}]}}