{"id":5456,"date":"2026-04-27T09:30:45","date_gmt":"2026-04-27T07:30:45","guid":{"rendered":"https:\/\/aproin.com\/?p=5456"},"modified":"2026-04-27T09:30:46","modified_gmt":"2026-04-27T07:30:46","slug":"revulsivo-inmobiliario-en-el-centro-con-las-nuevas-promociones-en-pi-y-margall","status":"publish","type":"post","link":"https:\/\/aproin.com\/index.php\/revulsivo-inmobiliario-en-el-centro-con-las-nuevas-promociones-en-pi-y-margall\/","title":{"rendered":"Revulsivo inmobiliario en el centro con las nuevas promociones en Pi y Margall"},"content":{"rendered":"\n<p><\/p>\n\n\n\n<p><strong>Las pr\u00f3ximas construcciones revitalizar\u00e1n con nuevos vecinos un entorno degradado por edificios en abandono<\/strong><br>Jorge Bravo \/ Atl\u00e1ntico <\/p>\n\n\n\n<p>La calle Pi y Margall vive un lavado de cara con un revulsivo de promociones inmobiliarias en solares y edificios abandonados, que atraer\u00e1n a cientos de nuevos vecinos al centro y dar\u00e1n brillo a los tramos m\u00e1s degradados del entorno.<\/p>\n\n\n\n<p>En 2025 abri\u00f3 sus puertas a sus inquilinos <strong>el edificio del n\u00famero 22<\/strong>, que se ubic\u00f3 en un antiguo solar abandonado. Con una edificiaci\u00f3n total de 2.234 metros cuadrados en cuatro alturas, cuenta con 17 viviendas, garajes y trasteros. El inmueble, dise\u00f1ado por los arquitectos Alberto Quint\u00e1ns y Cristina Ansede, se configura como un edificio entre medianeras con fachadas a la calle y a patio de manzana, logrando a partir de la tercera planta vistas a la r\u00eda al superar en altura a los edificios colindantes.<\/p>\n\n\n\n<p><strong>La siguiente actuaci\u00f3n m\u00e1s avanzada es la del Barrio del Cura,<\/strong> donde tras m\u00e1s de dos d\u00e9cadas paralizado el desarrollo urban\u00edstico, ya se levantan los primeros edificios del \u00e1mbito. La promotora Gestilar avanza en la construcci\u00f3n de los inmuebles Ardora, L\u00faa y Estrela, que sumar\u00e1n m\u00e1s de 250 viviendas en total. El primero de ellos ya ha completado su estructura de siete plantas, mientras contin\u00faan los movimientos de tierra y trabajos de urbanizaci\u00f3n para conectar Torrecedeira con el Paseo de Alfonso. La previsi\u00f3n es entregar las primeras viviendas en 2026, en una actuaci\u00f3n que transformar\u00e1 por completo el entorno con zonas verdes y nuevos accesos.<br><br><strong>Urbanismo aprueba un centro social en Barrio do Cura<\/strong><br>Las obras que se est\u00e1n realizando en estos momentos en el Barrio do Cura.<br>Ya en proyecto de construcci\u00f3n est\u00e1 la pr\u00f3xima promoci\u00f3n <strong>en el solar del n\u00famero 77<\/strong>, donde se construir\u00e1 una vivienda de cuatro alturas m\u00e1s bajocubierta, a cargo de la promotora <strong>Grupo Visier<\/strong>. El terreno, de 318 metros cuadrados, permitir\u00e1 completar el frente urbano en este tramo de la calle, con un plazo estimado de dos a\u00f1os de obra una vez obtenida la licencia municipal. La empresa manifest\u00f3 a Atl\u00e1ntico que estar\u00e1 en di\u00e1logo constante con el Concello para que las obras no afecten al edificio contiguo, protegido.<\/p>\n\n\n\n<p>A\u00fan en fase de redacci\u00f3n de proyecto est\u00e1 el n\u00famero 79, adquirido en diciembre de 2025 por<strong> la promotora Pi Proyectos SL, sociedad de Bartolom\u00e9 Pidal e Isabel Ferreiro<\/strong>. El inmueble, conocido como el Edificio para Rosa Candeira y proyectado en 1954 por el arquitecto vigu\u00e9s Jenaro de la Fuente hijo, ser\u00e1 objeto de una rehabilitaci\u00f3n integral para uso residencial, seg\u00fan inform\u00f3 la promotora a Atl\u00e1ntico, que incluir\u00e1 la restauraci\u00f3n de su fachada, protegida por el planeamiento urbano. El edificio cuenta con tres alturas y una superficie total de 458 metros cuadrados, con una divisi\u00f3n en dos letras, ocupando las viviendas \u2018A\u2019 198 metros cuadrados y las \u2018B\u2019, 287 metros cuadrados. En 2023, el edificio fue ocupado durante varios d\u00edas, empleando la antigua propiedad una empresa de desokupaci\u00f3n para recuperar el inmueble y cerrar su venta a los actuales promotores.<\/p>\n\n\n\n<p>Tambi\u00e9n avanzan en sus gestiones, aunque todav\u00eda en fase embrionaria, los propietarios de <strong>los terrenos que lindan entre Pi y Margall, Romil y Chile,<\/strong> seg\u00fan traslada un portavoz a Atl\u00e1ntico. El desarrollo del PERI previsto en el PGOM permitir\u00e1 demoler dos edificios abandonados en el 81 y 83 de Pi y Margall y la edificaci\u00f3n de edificios de hasta 5 plantas. En este \u00e1mbito, de m\u00e1s de 4.300 metros cuadrados repartidos en seis fincas, se prev\u00e9 la construcci\u00f3n en unos 1.500 metros cuadrados, con un 30% destinado a vivienda protegida y una parte del suelo reservada a dotaciones p\u00fablicas, zonas verdes y aparcamiento, resolviendo adem\u00e1s la apertura de nuevos accesos y la continuidad del espacio urbano.<\/p>\n","protected":false},"excerpt":{"rendered":"<p>Las pr\u00f3ximas construcciones revitalizar\u00e1n con nuevos vecinos un entorno degradado por edificios en abandonoJorge Bravo \/ Atl\u00e1ntico La calle Pi y Margall&#8230;<\/p>\n","protected":false},"author":1,"featured_media":5457,"comment_status":"open","ping_status":"open","sticky":false,"template":"","format":"standard","meta":[],"categories":[1],"tags":[],"_links":{"self":[{"href":"https:\/\/aproin.com\/index.php\/wp-json\/wp\/v2\/posts\/5456"}],"collection":[{"href":"https:\/\/aproin.com\/index.php\/wp-json\/wp\/v2\/posts"}],"about":[{"href":"https:\/\/aproin.com\/index.php\/wp-json\/wp\/v2\/types\/post"}],"author":[{"embeddable":true,"href":"https:\/\/aproin.com\/index.php\/wp-json\/wp\/v2\/users\/1"}],"replies":[{"embeddable":true,"href":"https:\/\/aproin.com\/index.php\/wp-json\/wp\/v2\/comments?post=5456"}],"version-history":[{"count":1,"href":"https:\/\/aproin.com\/index.php\/wp-json\/wp\/v2\/posts\/5456\/revisions"}],"predecessor-version":[{"id":5458,"href":"https:\/\/aproin.com\/index.php\/wp-json\/wp\/v2\/posts\/5456\/revisions\/5458"}],"wp:featuredmedia":[{"embeddable":true,"href":"https:\/\/aproin.com\/index.php\/wp-json\/wp\/v2\/media\/5457"}],"wp:attachment":[{"href":"https:\/\/aproin.com\/index.php\/wp-json\/wp\/v2\/media?parent=5456"}],"wp:term":[{"taxonomy":"category","embeddable":true,"href":"https:\/\/aproin.com\/index.php\/wp-json\/wp\/v2\/categories?post=5456"},{"taxonomy":"post_tag","embeddable":true,"href":"https:\/\/aproin.com\/index.php\/wp-json\/wp\/v2\/tags?post=5456"}],"curies":[{"name":"wp","href":"https:\/\/api.w.org\/{rel}","templated":true}]}}