{"id":5463,"date":"2026-04-27T09:54:05","date_gmt":"2026-04-27T07:54:05","guid":{"rendered":"https:\/\/aproin.com\/?p=5463"},"modified":"2026-04-27T09:54:06","modified_gmt":"2026-04-27T07:54:06","slug":"la-revolucion-que-trae-la-nueva-praza-de-espana-de-vigo-empieza-a-concretarse-entre-gran-via-pizarro-y-honduras-con-las-primeras-licencias-asi-es-el-proyecto-singular","status":"publish","type":"post","link":"https:\/\/aproin.com\/index.php\/la-revolucion-que-trae-la-nueva-praza-de-espana-de-vigo-empieza-a-concretarse-entre-gran-via-pizarro-y-honduras-con-las-primeras-licencias-asi-es-el-proyecto-singular\/","title":{"rendered":"La revoluci\u00f3n que trae la nueva Praza de Espa\u00f1a de Vigo empieza a concretarse entre Gran V\u00eda, Pizarro y Honduras con las primeras licencias: as\u00ed es el proyecto \u00absingular\u00bb"},"content":{"rendered":"\n<p><br><strong>Los promotores de la denominada zona 2 de este enclave ultiman la presentaci\u00f3n del estudio de detalle, que contempla un gran bloque de viviendas en el centro de un gran espacio de uso p\u00fablico<\/strong><\/p>\n\n\n\n<p>Pablo Gal\u00e1n \/ Faro de Vigo <\/p>\n\n\n\n<p>La aprobaci\u00f3n definitiva del Plan Xeral de Ordenaci\u00f3n Municipal (PXOM) hace justo 11 meses permiti\u00f3 <strong>abrir en Vigo un nuevo horizonte de posibilidades de desarrollo<\/strong> en muchos puntos de la ciudad, aunque con casos especialmente singulares y ambiciosos. Sucede, por ejemplo, en la Praza de Espa\u00f1a, un enclave que el gobierno presidido por Abel Caballero quiere transformar radicalmente lo m\u00e1s r\u00e1pido posible para pasar de un \u00e1mbito dominado por el tr\u00e1fico rodado a otro en el que el protagonismo recaiga en los peatones y en un gran punto de encuentro ciudadano semipeatonalizado, con zonas verdes y bloques residenciales. Para ello, sin tiempo que perder, en los \u00faltimos meses se han desbloqueado todos los convenios urban\u00edsticos con los distintos propietarios de las parcelas y esto ha permitido que los t\u00e9cnicos del Concello vigu\u00e9s est\u00e9n estudiando ya las primeras licencias que permitir\u00e1n ponerse manos a la obra, en concreto en la zona 2, cuyo convenio se aprobar\u00e1 definitivamente en el Consello de la Gerencia de Urbanismo este pr\u00f3ximo martes.<\/p>\n\n\n\n<p>As\u00ed lo confirman fuentes municipales sobre la autorizaci\u00f3n solicitada por la sociedad <strong>Desarrollos Inmobiliarios R\u00eda de Vigo 2025<\/strong> para proceder a la demolici\u00f3n de la vivienda unifamiliar en la que opera una inmobiliaria situada en la parcela comprendida entre la avenida de la Gran V\u00eda y las calles Pizarro y Honduras, un derribo que ser\u00e1 el punto de partida de la metamorfosis dise\u00f1ada en el PXOM para la Praza de Espa\u00f1a y que en este espacio contempla un bloque residencial con 38 viviendas que cumplir\u00e1 los est\u00e1ndares de calidad exigidos por el Concello, que ha dejado claro en todo momento que busca \u00abproyectos singulares\u00bb para la nueva vida de Praza de Espa\u00f1a.<\/p>\n\n\n\n<p>Esto quedar\u00e1 reflejado en el estudio de detalle que presentar\u00e1n en el Concello a lo largo de los pr\u00f3ximos d\u00edas los promotores de este \u00e1mbito. Para cumplir con los requisitos del Concello, la empresa realiz\u00f3 un concurso de ideas invitando a varios equipos de arquitectos, optando finalmente por la propuesta realizada por <strong>Cano y Escario Arquitectura<\/strong>, que plantea localizar el edificio residencial en las proximidades de la confluencia entre Pizarro y Honduras, consiguiendo con ello varios beneficios para el inter\u00e9s general al liberarse una gran bolsa de espacio p\u00fablico que permitir\u00e1 ampliar la Gran V\u00eda y resolver las diferencias de cota con una edificaci\u00f3n en terrazas. Asimismo, se crear\u00e1 una gran plaza peatonal y ajardinadas con el objetivo de que se convierta en un punto de encuentro social.<\/p>\n\n\n\n<p>Por otro lado, est\u00e1 previsto dotar al edificio de una envolvente singular que le d\u00e9 una identidad propia a la promoci\u00f3n actuando de filtro y protecci\u00f3n solar para las viviendas. La propuesta arquitect\u00f3nica contempla un dise\u00f1o a modo de cintas que den la vuelta al bloque residencial, lo que facilitar\u00e1 tambi\u00e9n su permeabilidad con el entorno (la construcci\u00f3n ser\u00e1 di\u00e1fana en la parte baja para poder desplazarse entre calles) y una completa integraci\u00f3n con el mismo.<\/p>\n\n\n\n<p><em>lectura completa solo para suscriptores&#8230;<\/em><\/p>\n","protected":false},"excerpt":{"rendered":"<p>Los promotores de la denominada zona 2 de este enclave ultiman la presentaci\u00f3n del estudio de detalle, que contempla un gran bloque&#8230;<\/p>\n","protected":false},"author":1,"featured_media":5464,"comment_status":"open","ping_status":"open","sticky":false,"template":"","format":"standard","meta":[],"categories":[1],"tags":[],"_links":{"self":[{"href":"https:\/\/aproin.com\/index.php\/wp-json\/wp\/v2\/posts\/5463"}],"collection":[{"href":"https:\/\/aproin.com\/index.php\/wp-json\/wp\/v2\/posts"}],"about":[{"href":"https:\/\/aproin.com\/index.php\/wp-json\/wp\/v2\/types\/post"}],"author":[{"embeddable":true,"href":"https:\/\/aproin.com\/index.php\/wp-json\/wp\/v2\/users\/1"}],"replies":[{"embeddable":true,"href":"https:\/\/aproin.com\/index.php\/wp-json\/wp\/v2\/comments?post=5463"}],"version-history":[{"count":1,"href":"https:\/\/aproin.com\/index.php\/wp-json\/wp\/v2\/posts\/5463\/revisions"}],"predecessor-version":[{"id":5465,"href":"https:\/\/aproin.com\/index.php\/wp-json\/wp\/v2\/posts\/5463\/revisions\/5465"}],"wp:featuredmedia":[{"embeddable":true,"href":"https:\/\/aproin.com\/index.php\/wp-json\/wp\/v2\/media\/5464"}],"wp:attachment":[{"href":"https:\/\/aproin.com\/index.php\/wp-json\/wp\/v2\/media?parent=5463"}],"wp:term":[{"taxonomy":"category","embeddable":true,"href":"https:\/\/aproin.com\/index.php\/wp-json\/wp\/v2\/categories?post=5463"},{"taxonomy":"post_tag","embeddable":true,"href":"https:\/\/aproin.com\/index.php\/wp-json\/wp\/v2\/tags?post=5463"}],"curies":[{"name":"wp","href":"https:\/\/api.w.org\/{rel}","templated":true}]}}