{"id":761,"date":"2016-03-09T13:28:28","date_gmt":"2016-03-09T12:28:28","guid":{"rendered":"http:\/\/aproin.com\/?p=761"},"modified":"2016-03-09T13:28:28","modified_gmt":"2016-03-09T12:28:28","slug":"el-ladrillo-tambien-da-muestras-de-fatiga","status":"publish","type":"post","link":"https:\/\/aproin.com\/index.php\/el-ladrillo-tambien-da-muestras-de-fatiga\/","title":{"rendered":"El ladrillo tambi\u00e9n da muestras de fatiga"},"content":{"rendered":"<p style=\"text-align: justify;\"><strong>La venta de viviendas cae por primera vez en 16 meses y a\u00f1ade dudas sobre la solidez de la recuperaci\u00f3n<\/strong><\/p>\n<p>G. L.Redacci\u00f3n \/ La Voz de Galicia<\/p>\n<p>Se acab\u00f3 el rali de la vivienda. Tras diecis\u00e9is meses consecutivos al alza, las ventas de casas sufrieron en enero su primer tropiezo. En los primeros 31 d\u00edas del a\u00f1o se inscribieron en los registros de la propiedad 32.417 operaciones, un 2,9 % menos que en el mismo per\u00edodo del ejercicio anterior, truncando una racha alcista que hab\u00eda comenzado en septiembre del 2014.<\/p>\n<p>En Galicia la ca\u00edda fue todav\u00eda m\u00e1s acusada, seg\u00fan los datos publicados el lunes por el Instituto Nacional de Estad\u00edstica, que certifica un desplome del 7,5 % en las compraventas en la comunidad, con 1.142 transacciones registradas en enero. Sin embargo, en el caso gallego la evoluci\u00f3n del mercado inmobiliario ha sufrido muchos m\u00e1s vaivenes y tan solo hay que remontarse a noviembre para encontrar el anterior dato negativo.<\/p>\n<p>Pero, \u00bfa qu\u00e9 se debe esta ca\u00edda? Y, a\u00fan m\u00e1s importante, \u00bfanticipa otro frenazo en el mercado inmobiliario y en la recuperaci\u00f3n en general? Sobre lo primero, los expertos no se ponen de acuerdo. As\u00ed, Fernando Encinar, jefe de estudios del portal especializado Idealista, descarta que el baj\u00f3n tenga algo que ver con la coyuntura pol\u00edtica, ya que recuerda que, \u00abal tratarse de datos obtenidos en el registro, corresponden a operaciones cerradas dos o tres meses antes, por lo que los datos no estar\u00edan influenciados por el resultado de las elecciones\u00bb. Entiende Encinar que el descenso interanual registrado en enero es \u00abtestimonial y puede que tenga que ver m\u00e1s con la reducci\u00f3n del stock de obra nueva que con la buena marcha del sector\u00bb.<\/p>\n<p>Sin embargo, su hom\u00f3loga en Fotocasa, Beatriz Toribio, s\u00ed cree que la \u00abincertidumbre pol\u00edtica\u00bb ha tenido su parte de culpa este baj\u00f3n de la venta de viviendas, ya que, explica, incluso antes de que se celebrasen los comicios del 20D \u00abmuchos inversores pospusieron sus compras a la espera del resultado que depararan las urnas\u00bb, que luego ha acabado complicado la tarea de formar gobierno.<\/p>\n<p>\u00bfUn bache que se superar\u00e1?<\/p>\n<p>Pero, pese a la discrepancia que muestran los expertos sobre la influencia del escenario pol\u00edtico en la evoluci\u00f3n del sector, en lo que s\u00ed est\u00e1n de acuerdo es que la ca\u00edda de enero es solo un bache que se remontar\u00e1.<\/p>\n<p>\u00abEl n\u00famero de operaciones sigue increment\u00e1ndose mes a mes, por lo que seguimos hablando de normalizaci\u00f3n. De hecho, el dato de operaciones de vivienda usada es el segundo m\u00e1s elevado desde abril del 2008, solo superado por el \u00faltimo mes de julio, en el que se vendieron apenas 200 viviendas m\u00e1s\u00bb, apuntan desde Idealista.<\/p>\n<p>M\u00e1s cauta se muestra Beatriz Toribio, de Fotocasa, que insiste en que la \u00abinestabilidad pol\u00edtica que vivimos puede frenar la reactivaci\u00f3n que ha experimentado el sector\u00bb y recuerda que \u00abla recuperaci\u00f3n no est\u00e1 confirmada y ser\u00e1 lenta y moderada; cualquier factor externo puede interrumpirla y en este sentido, la inestabilidad pol\u00edtica puede ser una gran amenaza para el mercado inmobiliario\u00bb, por lo que ve prioritario que se forme ya Gobierno. Sin embargo, pese a todas las incertidumbres, conf\u00eda en que el sector \u00abseguir\u00e1 en la senda positiva registrada en el 2015, pero con niveles m\u00e1s moderados\u00bb a los del a\u00f1o pasado.<\/p>\n","protected":false},"excerpt":{"rendered":"<p>La venta de viviendas cae por primera vez en 16 meses y a\u00f1ade dudas sobre la solidez de la recuperaci\u00f3n G. L.Redacci\u00f3n&#8230;<\/p>\n","protected":false},"author":1,"featured_media":762,"comment_status":"open","ping_status":"open","sticky":false,"template":"","format":"standard","meta":[],"categories":[2],"tags":[],"_links":{"self":[{"href":"https:\/\/aproin.com\/index.php\/wp-json\/wp\/v2\/posts\/761"}],"collection":[{"href":"https:\/\/aproin.com\/index.php\/wp-json\/wp\/v2\/posts"}],"about":[{"href":"https:\/\/aproin.com\/index.php\/wp-json\/wp\/v2\/types\/post"}],"author":[{"embeddable":true,"href":"https:\/\/aproin.com\/index.php\/wp-json\/wp\/v2\/users\/1"}],"replies":[{"embeddable":true,"href":"https:\/\/aproin.com\/index.php\/wp-json\/wp\/v2\/comments?post=761"}],"version-history":[{"count":1,"href":"https:\/\/aproin.com\/index.php\/wp-json\/wp\/v2\/posts\/761\/revisions"}],"predecessor-version":[{"id":763,"href":"https:\/\/aproin.com\/index.php\/wp-json\/wp\/v2\/posts\/761\/revisions\/763"}],"wp:featuredmedia":[{"embeddable":true,"href":"https:\/\/aproin.com\/index.php\/wp-json\/wp\/v2\/media\/762"}],"wp:attachment":[{"href":"https:\/\/aproin.com\/index.php\/wp-json\/wp\/v2\/media?parent=761"}],"wp:term":[{"taxonomy":"category","embeddable":true,"href":"https:\/\/aproin.com\/index.php\/wp-json\/wp\/v2\/categories?post=761"},{"taxonomy":"post_tag","embeddable":true,"href":"https:\/\/aproin.com\/index.php\/wp-json\/wp\/v2\/tags?post=761"}],"curies":[{"name":"wp","href":"https:\/\/api.w.org\/{rel}","templated":true}]}}