{"id":767,"date":"2016-03-11T10:04:39","date_gmt":"2016-03-11T09:04:39","guid":{"rendered":"http:\/\/aproin.com\/?p=767"},"modified":"2016-03-11T10:04:39","modified_gmt":"2016-03-11T09:04:39","slug":"el-empleo-en-la-construccion-en-vigo-y-provincia-se-redujo-a-la-mitad-en-la-crisis","status":"publish","type":"post","link":"https:\/\/aproin.com\/index.php\/el-empleo-en-la-construccion-en-vigo-y-provincia-se-redujo-a-la-mitad-en-la-crisis\/","title":{"rendered":"El empleo en la construcci\u00f3n en Vigo y provincia se redujo a la mitad en la crisis"},"content":{"rendered":"<p><strong>El sector ha iniciado una recuperaci\u00f3n en el \u00faltimo ejercicio y en la provincia de Pontevedra crece un 7,9%<\/strong><\/p>\n<p>a.f. Vigo\u00a0 afuentes@atlantico.net<\/p>\n<p style=\"text-align: justify;\">\n<p style=\"text-align: justify;\">\u00a0La crisis econ\u00f3mica ha reducido a la mitad el peso de la construcci\u00f3n en la econom\u00eda espa\u00f1ola y en Vigo y la provincia de Pontevedra se manejan las mismas magnitudes. En concreto, el empleo en la construcci\u00f3n en la provincia ha ca\u00eddo desde los m\u00e1s de 40.700 empleos que se contabilizaron en el cuarto trimestre de 2008 a los 23.200 del cuarto trimestre de 2015, un 42% menos, seg\u00fan datos recopilados por Habits Big Data de AIS Group que toman como referencia la EPA y el SEPE.<br \/>\nEn la provincia de A Coru\u00f1a la ca\u00edda ha sido m\u00e1s acusada, con un 44% de retroceso, al pasar de 54.900 en 2008 a 30.800 en 2015. En la provincia de Lugo la reducci\u00f3n del empleo en la construcci\u00f3n ha sido m\u00e1s moderada, un 23,6%, hasta 11.300 y en Ourense de s\u00f3lo el 10%, en el mismo periodo, hasta los 10.100.<br \/>\nLa situaci\u00f3n ha mejorado ligeramente en el \u00faltimo a\u00f1o y as\u00ed en la provincia de Pontevedra los ocupados en la construcci\u00f3n han crecido un 7,9% (23.200) con respecto al ejercicio anterior, en la de A Coru\u00f1a un 1% (30.800), en Lugo un 53% (11.300) y en Ourense un 23% (10.100).<br \/>\nEn Espa\u00f1a, en 2008 el volumen de poblaci\u00f3n que trabajaba en la construcci\u00f3n era caso el 11% y ese porcentaje se redujo hasta el 5,8%, al pasar de 2,6 millones de personas a algo m\u00e1s de un mill\u00f3n al cierre del a\u00f1o pasado.<br \/>\nSeg\u00fan el informe de AIS Group, la mayor\u00eda de las personas que han abandonado la construcci\u00f3n se ha pasado al sector servicios, que en el mismo periodo ha pasado de ocupar al 70% de la poblaci\u00f3n a emplear a algo m\u00e1s del 76%.<br \/>\nEn el \u00faltimo a\u00f1o, la ocupaci\u00f3n en el sector de la construcci\u00f3n ha crecido en Espa\u00f1a un 2,7% y ha pasado de emplear de 1.030.000 personas a 1.058.000.<br \/>\nPor provincias, son Madrid y Barcelona las que tienen mayor n\u00famero de ocupados en la construcci\u00f3n, 134.000 y 118.000 respectivamente a diciembre 2015. Aunque en ambas ha ca\u00eddo la cifra en los \u00faltimos 12 meses, unas 1.200 personas en Madrid (-1%), pero m\u00e1s de 13.000 en Barcelona (-10%).<br \/>\nValencia, la tercera provincia con mayor n\u00famero de trabajadores de la construcci\u00f3n, tambi\u00e9n ha visto como en el \u00faltimo a\u00f1o \u00e9ste menguaba en unas 6.400 personas, pasando de 62.400 en 2014 a 56.000 en 2015. Esto supone un descenso en la ocupaci\u00f3n en este sector de algo m\u00e1s de un 10% en el \u00faltimo a\u00f1o.<br \/>\nLa provincia donde a nivel porcentual m\u00e1s ha ca\u00eddo la ocupaci\u00f3n en la construcci\u00f3n durante 2015 ha sido \u00c1lava, un 65%, que equivale a unas 4.700 personas. Le siguen \u00c1vila (-23%) y Asturias (-17%).<br \/>\nLas mejores cifras en cuanto a aumento porcentual de la ocupaci\u00f3n en el sector de la construcci\u00f3n se dan en Castell\u00f3n, donde hay unas 5.000 personas m\u00e1s trabajando en construcci\u00f3n que hace un a\u00f1o. Esto es casi un 54% m\u00e1s. Le siguen Lugo, C\u00e1diz, Salamanca y C\u00e1ceres.<br \/>\nPor lo que se refiere al paro en la construcci\u00f3n, en 2015 el n\u00famero de desempleados en el sector se redujo en unas 21.000 personas, hasta situarse algo por debajo de 208.000 parados, pasando as\u00ed la tasa de paro del sector del 18% de 2014 al 16% al cierre de 2015.<br \/>\nMadrid, Barcelona y M\u00e1laga son las provincias donde se concentran mayor n\u00famero de desempleados en este sector. Entre las 3 regiones superan los 60.000 parados.<br \/>\nLas tasas de desempleo m\u00e1s altas en este sector de actividad se dan en provincias de la mitad sur de la pen\u00ednsula como Almer\u00eda, Huelva, M\u00e1laga o C\u00e1diz, todas ellas por encima del 30%. Mientras que las menores tasas se encuentran en Gipuzkoa, Lugo, Salamanca o Soria, donde no alcanza ni el 5%.<\/p>\n","protected":false},"excerpt":{"rendered":"<p>El sector ha iniciado una recuperaci\u00f3n en el \u00faltimo ejercicio y en la provincia de Pontevedra crece un 7,9% a.f. Vigo\u00a0 afuentes@atlantico.net&#8230;<\/p>\n","protected":false},"author":1,"featured_media":768,"comment_status":"open","ping_status":"open","sticky":false,"template":"","format":"standard","meta":[],"categories":[2],"tags":[],"_links":{"self":[{"href":"https:\/\/aproin.com\/index.php\/wp-json\/wp\/v2\/posts\/767"}],"collection":[{"href":"https:\/\/aproin.com\/index.php\/wp-json\/wp\/v2\/posts"}],"about":[{"href":"https:\/\/aproin.com\/index.php\/wp-json\/wp\/v2\/types\/post"}],"author":[{"embeddable":true,"href":"https:\/\/aproin.com\/index.php\/wp-json\/wp\/v2\/users\/1"}],"replies":[{"embeddable":true,"href":"https:\/\/aproin.com\/index.php\/wp-json\/wp\/v2\/comments?post=767"}],"version-history":[{"count":1,"href":"https:\/\/aproin.com\/index.php\/wp-json\/wp\/v2\/posts\/767\/revisions"}],"predecessor-version":[{"id":769,"href":"https:\/\/aproin.com\/index.php\/wp-json\/wp\/v2\/posts\/767\/revisions\/769"}],"wp:featuredmedia":[{"embeddable":true,"href":"https:\/\/aproin.com\/index.php\/wp-json\/wp\/v2\/media\/768"}],"wp:attachment":[{"href":"https:\/\/aproin.com\/index.php\/wp-json\/wp\/v2\/media?parent=767"}],"wp:term":[{"taxonomy":"category","embeddable":true,"href":"https:\/\/aproin.com\/index.php\/wp-json\/wp\/v2\/categories?post=767"},{"taxonomy":"post_tag","embeddable":true,"href":"https:\/\/aproin.com\/index.php\/wp-json\/wp\/v2\/tags?post=767"}],"curies":[{"name":"wp","href":"https:\/\/api.w.org\/{rel}","templated":true}]}}