{"id":775,"date":"2016-03-15T10:45:49","date_gmt":"2016-03-15T09:45:49","guid":{"rendered":"http:\/\/aproin.com\/?p=775"},"modified":"2016-03-15T10:45:49","modified_gmt":"2016-03-15T09:45:49","slug":"feijoo-defiende-la-vocacion-de-continuidad-de-la-nueva-lei-do-solo","status":"publish","type":"post","link":"https:\/\/aproin.com\/index.php\/feijoo-defiende-la-vocacion-de-continuidad-de-la-nueva-lei-do-solo\/","title":{"rendered":"Feijoo defiende la vocaci\u00f3n de continuidad de la nueva Lei do Solo"},"content":{"rendered":"<p><strong>Destaca la conjugaci\u00f3n de protecci\u00f3n y desarrollo del territorio en un marco que la oposici\u00f3n ya anunci\u00f3 que tumbar\u00e1 si llega a la Xunta<\/strong><\/p>\n<p>S. LorenzoSantiago &#8211; La Voz de Galicia<\/p>\n<p>El presidente de la Xunta, Alberto N\u00fa\u00f1ez Feijoo, ha reinvindicado hoy los seis a\u00f1os de trabajo de la Xunta que cristalizan en la nueva Lei do Solo, que entrar\u00e1 en vigor el pr\u00f3ximo s\u00e1bado. Feijoo resalt\u00f3 que el nuevo marco nace con vocaci\u00f3n de continuidad, a pesar de que los grupos de la oposici\u00f3n ya anunciaron que si llegan al poder tumbar\u00e1n un texto sobre el que el PP busc\u00f3 sin \u00e9xito el consenso pol\u00edtico. El jefe del Ejecutivo insisti\u00f3 en que, con esa ambici\u00f3n de responder a las demandas de los diferentes agentes implicados, la Xunta incorpor\u00f3 ocho de cada diez enmiendas de los t\u00e9cnicos en una ley de la que destac\u00f3 la ambici\u00f3n de conjugar la protecci\u00f3n del territorio con su desarrollo ordenado. \u00abTemos interese en que Galicia aprobe esta asignatura e que esta lei te\u00f1a vocaci\u00f3n de permanencia, canta m\u00e1is mellor\u00bb, subray\u00f3 sobre un texto que reemplaza a la norma en vigor desde enero del 2003.<\/p>\n<p>Feijoo puso especial \u00e9nfasis en la regulaci\u00f3n del deber de rematar las fachadas de las viviendas, uno de los aspectos en los que fracas\u00f3 la norma aprobada en el \u00faltimo mandato de Fraga. Y subray\u00f3 tambi\u00e9n el blindaje de la autonom\u00eda municipal en un marco que simplifica la gesti\u00f3n del planeamiento, reduce los plazos administrativos y crea el plan b\u00e1sico auton\u00f3mico, al que podr\u00e1n acogerse todos los concellos de menos de 5.000 habitantes. \u00abNon sei se acertaremos total ou parcialmente, pero si lles digo que non \u00e9 unha improvisaci\u00f3n\u00bb, proclam\u00f3 Feijoo en la apertura de una jornada informativa sobre una ley cuyo reglamento, de m\u00e1s de 400 art\u00edculos, ser\u00e1 aprobado este verano.<\/p>\n","protected":false},"excerpt":{"rendered":"<p>Destaca la conjugaci\u00f3n de protecci\u00f3n y desarrollo del territorio en un marco que la oposici\u00f3n ya anunci\u00f3 que tumbar\u00e1 si llega a&#8230;<\/p>\n","protected":false},"author":1,"featured_media":776,"comment_status":"open","ping_status":"open","sticky":false,"template":"","format":"standard","meta":[],"categories":[2],"tags":[],"_links":{"self":[{"href":"https:\/\/aproin.com\/index.php\/wp-json\/wp\/v2\/posts\/775"}],"collection":[{"href":"https:\/\/aproin.com\/index.php\/wp-json\/wp\/v2\/posts"}],"about":[{"href":"https:\/\/aproin.com\/index.php\/wp-json\/wp\/v2\/types\/post"}],"author":[{"embeddable":true,"href":"https:\/\/aproin.com\/index.php\/wp-json\/wp\/v2\/users\/1"}],"replies":[{"embeddable":true,"href":"https:\/\/aproin.com\/index.php\/wp-json\/wp\/v2\/comments?post=775"}],"version-history":[{"count":1,"href":"https:\/\/aproin.com\/index.php\/wp-json\/wp\/v2\/posts\/775\/revisions"}],"predecessor-version":[{"id":777,"href":"https:\/\/aproin.com\/index.php\/wp-json\/wp\/v2\/posts\/775\/revisions\/777"}],"wp:featuredmedia":[{"embeddable":true,"href":"https:\/\/aproin.com\/index.php\/wp-json\/wp\/v2\/media\/776"}],"wp:attachment":[{"href":"https:\/\/aproin.com\/index.php\/wp-json\/wp\/v2\/media?parent=775"}],"wp:term":[{"taxonomy":"category","embeddable":true,"href":"https:\/\/aproin.com\/index.php\/wp-json\/wp\/v2\/categories?post=775"},{"taxonomy":"post_tag","embeddable":true,"href":"https:\/\/aproin.com\/index.php\/wp-json\/wp\/v2\/tags?post=775"}],"curies":[{"name":"wp","href":"https:\/\/api.w.org\/{rel}","templated":true}]}}