{"id":838,"date":"2016-04-28T11:40:02","date_gmt":"2016-04-28T09:40:02","guid":{"rendered":"http:\/\/aproin.com\/?p=838"},"modified":"2016-05-05T10:53:02","modified_gmt":"2016-05-05T08:53:02","slug":"desayunos-aproin-grupo-ferroli","status":"publish","type":"post","link":"https:\/\/aproin.com\/index.php\/desayunos-aproin-grupo-ferroli\/","title":{"rendered":"Desayunos APROIN &#8211; Grupo Ferroli"},"content":{"rendered":"<p>El pr\u00f3ximo <strong>jueves 12 de mayo de 9.30 h a 10.30 h en el Club Financiero de Vigo<\/strong>, tendr\u00e1 lugar el primer \u201cdesayuno con empresas colaboradoras de APROIN\u201d.<\/p>\n<p>En esta ocasi\u00f3n correr\u00e1 a cargo del <strong><a href=\"http:\/\/www.ferroli.es\/\">Grupo Ferroli<\/a><\/strong>, especialistas en la fabricaci\u00f3n de sistemas de calefacci\u00f3n, climatizaci\u00f3n y energ\u00edas renovables \u00a0tanto para uso residencial como industrial. \u00a0Hablar\u00e1n de un tema que creemos de gran inter\u00e9s para nuestro colectivo tanto promotores como ingenieros, arquitectos, t\u00e9cnicos, etc. La adecuaci\u00f3n en base a las fechas de licitaci\u00f3n a las diferentes normativas (se adjunta programa).<\/p>\n<p><strong>\u00a0<\/strong>Este desayuno es de <u>asistencia gratuita previa inscripci\u00f3n al mismo.<\/u><\/p>\n<p>Los ponentes ser\u00e1n <strong>D. Enrique Alonso G\u00f3mez<\/strong> , Delegado de Ventas de Pontevedra y Orense \u00a0y<strong> D. Nestor Correia Lima,<\/strong> Responsable del Grupo Ferroli en la Zona Noroeste, as\u00ed mismo nos acompa\u00f1ara <strong>D. David Rosendo N\u00fa\u00f1ez<\/strong>, delegado de ventas de Cointra Godesia.<\/p>\n<p>Su presentaci\u00f3n correr\u00e1 a cargo del Presidente de APROIN D. Javier Garrido Valenzuela<\/p>\n<p>Esperamos contar con tu asistencia, pues es un desayuno de m\u00e1ximo inter\u00e9s.<\/p>\n<p>Para ello, por favor env\u00eda un correo con tus datos a <a href=\"mailto:aproin@aproin.com\">aproin@aproin.com<\/a>, antes del pr\u00f3ximo lunes, 9 de mayo.<\/p>\n<p>&nbsp;<\/p>\n","protected":false},"excerpt":{"rendered":"<p>El pr\u00f3ximo jueves 12 de mayo de 9.30 h a 10.30 h en el Club Financiero de Vigo, tendr\u00e1 lugar el primer&#8230;<\/p>\n","protected":false},"author":1,"featured_media":63,"comment_status":"open","ping_status":"open","sticky":false,"template":"","format":"standard","meta":[],"categories":[1],"tags":[],"_links":{"self":[{"href":"https:\/\/aproin.com\/index.php\/wp-json\/wp\/v2\/posts\/838"}],"collection":[{"href":"https:\/\/aproin.com\/index.php\/wp-json\/wp\/v2\/posts"}],"about":[{"href":"https:\/\/aproin.com\/index.php\/wp-json\/wp\/v2\/types\/post"}],"author":[{"embeddable":true,"href":"https:\/\/aproin.com\/index.php\/wp-json\/wp\/v2\/users\/1"}],"replies":[{"embeddable":true,"href":"https:\/\/aproin.com\/index.php\/wp-json\/wp\/v2\/comments?post=838"}],"version-history":[{"count":1,"href":"https:\/\/aproin.com\/index.php\/wp-json\/wp\/v2\/posts\/838\/revisions"}],"predecessor-version":[{"id":839,"href":"https:\/\/aproin.com\/index.php\/wp-json\/wp\/v2\/posts\/838\/revisions\/839"}],"wp:featuredmedia":[{"embeddable":true,"href":"https:\/\/aproin.com\/index.php\/wp-json\/wp\/v2\/media\/63"}],"wp:attachment":[{"href":"https:\/\/aproin.com\/index.php\/wp-json\/wp\/v2\/media?parent=838"}],"wp:term":[{"taxonomy":"category","embeddable":true,"href":"https:\/\/aproin.com\/index.php\/wp-json\/wp\/v2\/categories?post=838"},{"taxonomy":"post_tag","embeddable":true,"href":"https:\/\/aproin.com\/index.php\/wp-json\/wp\/v2\/tags?post=838"}],"curies":[{"name":"wp","href":"https:\/\/api.w.org\/{rel}","templated":true}]}}